{"id":57816,"date":"2024-04-16T07:03:29","date_gmt":"2024-04-16T11:03:29","guid":{"rendered":"https:\/\/inces.gob.ve\/?p=57816"},"modified":"2024-04-15T17:09:21","modified_gmt":"2024-04-15T21:09:21","slug":"falcon-estudiantes-y-aprendices-debaten-sobre-el-maltrato-animal","status":"publish","type":"post","link":"https:\/\/inces.gob.ve\/index.php\/2024\/04\/16\/falcon-estudiantes-y-aprendices-debaten-sobre-el-maltrato-animal\/","title":{"rendered":"FALC\u00d3N | Estudiantes y aprendices debaten sobre el maltrato animal"},"content":{"rendered":"<p style=\"text-align: justify;\" align=\"center\"><em><strong><span style=\"font-family: helvetica, arial, sans-serif; font-size: 14pt;\">**El equipo del Senamecf Educa brind\u00f3 a los j\u00f3venes una amplia charla sobre este importante tema y como parte de la integralidad de los procesos formativos que ofrece el Inces.<\/span><\/strong><\/em><!--more--><\/p>\n<p style=\"text-align: justify;\" align=\"justify\"><span style=\"font-size: 14pt; font-family: helvetica, arial, sans-serif;\"><b>MIRIAM GONZ\u00c1LEZ VILLARROEL<\/b><\/span><\/p>\n<p style=\"text-align: justify;\" align=\"justify\"><span style=\"font-family: helvetica, arial, sans-serif; font-size: 14pt;\"><span lang=\"es-ES\">Se considera maltrato animal toda acci\u00f3n que provoque da\u00f1o, dolor o sufrimiento al animal. involucra violencia f\u00edsica como golpes, mutilaciones y torturas, as\u00ed como tambi\u00e9n, la negligencia sobre su alimentaci\u00f3n, cuidados sanitarios y abandono.<\/span><\/span><\/p>\n<p style=\"text-align: justify;\" align=\"justify\"><span style=\"font-family: helvetica, arial, sans-serif; font-size: 14pt;\">En este contexto, \u201cNo me maltrates, yo tambi\u00e9n siento\u201d, se titul\u00f3 la charla que desarroll\u00f3 el equipo del Servicio Nacional de Medicina y Ciencias Forenses (Senamecf) Falc\u00f3n, en los espacios del centro de formaci\u00f3n socialista (CFS) \u201cJos\u00e9 Leonardo Chirino\u201d del Instituto Nacional de Capacitaci\u00f3n y Educaci\u00f3n Socialista (Inces) en la ciudad de Santa Ana de Coro, dirigida a estudiantes del Liceo Inces, aprendices del Programa Nacional de Aprendizaje (PNA) y trabajadores, los cuales pudieron debatir y conocer acerca del Maltrato Animal.<\/span><\/p>\n<p style=\"text-align: justify;\" align=\"justify\"><img loading=\"lazy\" decoding=\"async\" class=\"aligncenter wp-image-57817 size-full\" src=\"https:\/\/inces.gob.ve\/wp-content\/uploads\/2024\/04\/MALTRATO-ANIMAL-5.jpg\" alt=\"\" width=\"800\" height=\"489\" srcset=\"https:\/\/inces.gob.ve\/wp-content\/uploads\/2024\/04\/MALTRATO-ANIMAL-5.jpg 800w, https:\/\/inces.gob.ve\/wp-content\/uploads\/2024\/04\/MALTRATO-ANIMAL-5-300x183.jpg 300w, https:\/\/inces.gob.ve\/wp-content\/uploads\/2024\/04\/MALTRATO-ANIMAL-5-768x469.jpg 768w\" sizes=\"auto, (max-width: 800px) 100vw, 800px\" \/><\/p>\n<p style=\"text-align: justify;\" align=\"justify\"><span style=\"font-family: helvetica, arial, sans-serif; font-size: 14pt;\">El equipo de Senamecf Educa integrado integrado por: Jonathan Andrade, Mairene Davalillo, Marbelis Dirinot aperturaron la charla con una din\u00e1mica de integraci\u00f3n a cargo de Oskervis D\u00edaz del Senamecf Deportivo.<\/span><\/p>\n<p style=\"text-align: justify;\" align=\"justify\"><span style=\"font-family: helvetica, arial, sans-serif; font-size: 14pt;\">Luego, la M\u00e9dico Veterinario Forense, Marbelis Dirinot, realiz\u00f3 una amplia exposici\u00f3n sobre los tipos de maltrato, diferentes formas de maltrato animal, conciencia proteccionista, legislaci\u00f3n que respalda y garantiza el bienestar de los animales, las responsabilidades civiles y penales de los due\u00f1os de animales, la adopci\u00f3n responsable; entre otros interesantes temas que abrieron un nutrido intercambio de opiniones entre los asistentes.<\/span><\/p>\n<p style=\"text-align: justify;\" align=\"justify\"><span style=\"font-family: helvetica, arial, sans-serif; font-size: 14pt;\">Precis\u00f3 Dirinot, es un nuevo servicio que viene brindando el Senamecf en el \u00e1rea de veterinaria forense que atiende a mascotas con evaluaciones m\u00e9dico legales.<\/span><\/p>\n<p style=\"text-align: justify;\" align=\"justify\"><span style=\"font-family: helvetica, arial, sans-serif; font-size: 14pt;\">En esta actividad educativa, estuvo presente la directora del refugio de animales \u201cSan Francisco de As\u00eds\u201d, Xenia Rodr\u00edguez, quien con sus amplios conocimientos sobre el tema, explic\u00f3 sobre los avances que en materia de protecci\u00f3n animal se han realizado en la regi\u00f3n. Destac\u00f3, l<span lang=\"es-ES\">os casos de crueldad, maltrato grave, lesiones que causen la muerte o inutilicen a un animal, est\u00e1n contemplados en los art\u00edculos 478 y 537 del C\u00f3digo Penal, por lo que pueden denunciar ante la Fiscal\u00eda del Ministerio P\u00fablico.<\/span><\/span><\/p>\n<p style=\"text-align: justify;\" align=\"justify\"><span style=\"font-family: helvetica, arial, sans-serif; font-size: 14pt;\">Prensa Inces<\/span><\/p>\n","protected":false},"excerpt":{"rendered":"<p>**El equipo del Senamecf Educa brind\u00f3 a los j\u00f3venes una amplia charla sobre este importante tema y como parte de la integralidad de los procesos formativos que ofrece el Inces.<\/p>\n","protected":false},"author":15,"featured_media":57818,"comment_status":"closed","ping_status":"closed","sticky":false,"template":"","format":"standard","meta":{"footnotes":""},"categories":[2],"tags":[],"class_list":["post-57816","post","type-post","status-publish","format-standard","has-post-thumbnail","hentry","category-blog"],"_links":{"self":[{"href":"https:\/\/inces.gob.ve\/index.php\/wp-json\/wp\/v2\/posts\/57816","targetHints":{"allow":["GET"]}}],"collection":[{"href":"https:\/\/inces.gob.ve\/index.php\/wp-json\/wp\/v2\/posts"}],"about":[{"href":"https:\/\/inces.gob.ve\/index.php\/wp-json\/wp\/v2\/types\/post"}],"author":[{"embeddable":true,"href":"https:\/\/inces.gob.ve\/index.php\/wp-json\/wp\/v2\/users\/15"}],"replies":[{"embeddable":true,"href":"https:\/\/inces.gob.ve\/index.php\/wp-json\/wp\/v2\/comments?post=57816"}],"version-history":[{"count":2,"href":"https:\/\/inces.gob.ve\/index.php\/wp-json\/wp\/v2\/posts\/57816\/revisions"}],"predecessor-version":[{"id":57820,"href":"https:\/\/inces.gob.ve\/index.php\/wp-json\/wp\/v2\/posts\/57816\/revisions\/57820"}],"wp:featuredmedia":[{"embeddable":true,"href":"https:\/\/inces.gob.ve\/index.php\/wp-json\/wp\/v2\/media\/57818"}],"wp:attachment":[{"href":"https:\/\/inces.gob.ve\/index.php\/wp-json\/wp\/v2\/media?parent=57816"}],"wp:term":[{"taxonomy":"category","embeddable":true,"href":"https:\/\/inces.gob.ve\/index.php\/wp-json\/wp\/v2\/categories?post=57816"},{"taxonomy":"post_tag","embeddable":true,"href":"https:\/\/inces.gob.ve\/index.php\/wp-json\/wp\/v2\/tags?post=57816"}],"curies":[{"name":"wp","href":"https:\/\/api.w.org\/{rel}","templated":true}]}}