{"id":57821,"date":"2024-04-16T07:25:39","date_gmt":"2024-04-16T11:25:39","guid":{"rendered":"https:\/\/inces.gob.ve\/?p=57821"},"modified":"2024-04-15T17:13:12","modified_gmt":"2024-04-15T21:13:12","slug":"zulia-instalada-mesa-tecnica-del-plan-de-certificacion-de-saberes-y-haceres-de-bachilleres-con-participacion-inces","status":"publish","type":"post","link":"https:\/\/inces.gob.ve\/index.php\/2024\/04\/16\/zulia-instalada-mesa-tecnica-del-plan-de-certificacion-de-saberes-y-haceres-de-bachilleres-con-participacion-inces\/","title":{"rendered":"ZULIA | Instalada Mesa T\u00e9cnica del plan de certificaci\u00f3n de Saberes y Haceres de bachilleres con participaci\u00f3n Inces"},"content":{"rendered":"<p style=\"text-align: justify;\"><em><strong><span style=\"font-family: helvetica, arial, sans-serif; font-size: 14pt;\">**El Centro para el Desarrollo de la Calidad Educativa y el Inces \u00a0 Zulia acordaron una ruta de atenci\u00f3n de los estudiantes pr\u00f3ximos a egresar de la educaci\u00f3n media y t\u00e9cnica con el plan de certificaci\u00f3n de Saberes y Haceres.<\/span><\/strong><\/em><!--more--><\/p>\n<p style=\"text-align: justify;\">\n<span style=\"font-family: helvetica, arial, sans-serif; font-size: 14pt;\">\u00a0<\/span><\/p>\n<p><span style=\"font-family: helvetica, arial, sans-serif; font-size: 14pt;\">Mariana Albarr\u00e1n \/ Lenin R\u00edos<\/span><\/p>\n<p><span style=\"font-family: helvetica, arial, sans-serif; font-size: 14pt;\">\u00a1Vamos pa\u2019 lante! por la Venezuela que so\u00f1amos y vamos a tener y estamos uniendo todos los esfuerzos en el \u00e1mbito educativo, desde \u00a0la pedagog\u00eda productiva del \u201caprender haciendo y ense\u00f1ar produciendo\u201d, por ello, el pasado mi\u00e9rcoles 10 de abril, el \u00a0Instituto Nacional de Capacitaci\u00f3n y Educaci\u00f3n Socialista (Inces), en el \u00a0Zulia, \u00a0sirvi\u00f3 de escenario para la instalaci\u00f3n de la Mesa T\u00e9cnica Estadal, con la participaci\u00f3n del Centro de Desarrollo de Calidad Educativa (CDCE) \u00a0Zulia y la Gerencia Regional del instituto, \u00a0para impulsar el plan de Certificaci\u00f3n de Saberes y Haceres de los futuros \u00a0bachilleres.<\/span><\/p>\n<p><span style=\"font-family: helvetica, arial, sans-serif; font-size: 14pt;\">El Gerente Regional del Inces Zulia, Jos\u00e9 Vicente Far\u00edas Echeverri, indic\u00f3 que existe un compromiso firme, de no perder la marcha, en las pol\u00edticas educativas, emanadas por el presidente Nicol\u00e1s Maduro, la ministra del Poder Popular para la Educaci\u00f3n Yelitze Santaella y el Presidente de la instituci\u00f3n Wuikelman \u00c1ngel Paredes, sumado a una alianza con CDCE , en la regi\u00f3n, con quienes nos reunimos y \u00a0trazamos una ruta de trabajo para alcanzar la meta del plan.<\/span><\/p>\n<p><span style=\"font-family: helvetica, arial, sans-serif; font-size: 14pt;\">\u201cEl objetivo es brindar a los estudiantes de la educaci\u00f3n media general y t\u00e9cnica por egresar, formaciones pertinentes al mundo del trabajo que contribuyan al desarrollo productivo del pa\u00eds, bajo los principios de Gran Misi\u00f3n Venezuela Joven y fortaleciendo el proyecto de vida de las y los j\u00f3venes, desde las habilidades u ocupaciones de su inter\u00e9s\u201d.<\/span><\/p>\n<p><span style=\"font-family: helvetica, arial, sans-serif; font-size: 14pt;\">Bien lo dec\u00eda Nelson Mandela: \u201cLa educaci\u00f3n es el arma m\u00e1s fuerte\u201d, una poderosa herramienta que inspira y contribuye a forjar las grandes transformaciones para la consolidaci\u00f3n de un futuro cargado de esperanza para Venezuela, que nacer\u00e1 desde la formaci\u00f3n t\u00e9cnica profesional que masificar\u00e1 el Inces y el CDCE en el Zulia, en los diferentes planteles.<\/span><\/p>\n<div class=\"yj6qo\" style=\"text-align: justify;\"><\/div>\n<div class=\"adL\" style=\"text-align: justify;\"><\/div>\n","protected":false},"excerpt":{"rendered":"<p>**El Centro para el Desarrollo de la Calidad Educativa y el Inces \u00a0 Zulia acordaron una ruta de atenci\u00f3n de los estudiantes pr\u00f3ximos a egresar de la educaci\u00f3n media y t\u00e9cnica con el plan de certificaci\u00f3n de Saberes y Haceres.<\/p>\n","protected":false},"author":15,"featured_media":43170,"comment_status":"closed","ping_status":"closed","sticky":false,"template":"","format":"standard","meta":{"footnotes":""},"categories":[2],"tags":[],"class_list":["post-57821","post","type-post","status-publish","format-standard","has-post-thumbnail","hentry","category-blog"],"_links":{"self":[{"href":"https:\/\/inces.gob.ve\/index.php\/wp-json\/wp\/v2\/posts\/57821","targetHints":{"allow":["GET"]}}],"collection":[{"href":"https:\/\/inces.gob.ve\/index.php\/wp-json\/wp\/v2\/posts"}],"about":[{"href":"https:\/\/inces.gob.ve\/index.php\/wp-json\/wp\/v2\/types\/post"}],"author":[{"embeddable":true,"href":"https:\/\/inces.gob.ve\/index.php\/wp-json\/wp\/v2\/users\/15"}],"replies":[{"embeddable":true,"href":"https:\/\/inces.gob.ve\/index.php\/wp-json\/wp\/v2\/comments?post=57821"}],"version-history":[{"count":1,"href":"https:\/\/inces.gob.ve\/index.php\/wp-json\/wp\/v2\/posts\/57821\/revisions"}],"predecessor-version":[{"id":57822,"href":"https:\/\/inces.gob.ve\/index.php\/wp-json\/wp\/v2\/posts\/57821\/revisions\/57822"}],"wp:featuredmedia":[{"embeddable":true,"href":"https:\/\/inces.gob.ve\/index.php\/wp-json\/wp\/v2\/media\/43170"}],"wp:attachment":[{"href":"https:\/\/inces.gob.ve\/index.php\/wp-json\/wp\/v2\/media?parent=57821"}],"wp:term":[{"taxonomy":"category","embeddable":true,"href":"https:\/\/inces.gob.ve\/index.php\/wp-json\/wp\/v2\/categories?post=57821"},{"taxonomy":"post_tag","embeddable":true,"href":"https:\/\/inces.gob.ve\/index.php\/wp-json\/wp\/v2\/tags?post=57821"}],"curies":[{"name":"wp","href":"https:\/\/api.w.org\/{rel}","templated":true}]}}