{"id":57989,"date":"2024-04-27T22:14:48","date_gmt":"2024-04-28T02:14:48","guid":{"rendered":"https:\/\/inces.gob.ve\/?p=57989"},"modified":"2024-04-27T22:14:48","modified_gmt":"2024-04-28T02:14:48","slug":"yaracuy-privadas-de-libertad-se-forman-en-el-inces","status":"publish","type":"post","link":"https:\/\/inces.gob.ve\/index.php\/2024\/04\/27\/yaracuy-privadas-de-libertad-se-forman-en-el-inces\/","title":{"rendered":"YARACUY | Privadas de libertad se forman en el Inces"},"content":{"rendered":"<p style=\"font-weight: 400; text-align: justify;\"><strong><span style=\"font-family: helvetica, arial, sans-serif; font-size: 14pt;\"><em>** Durante el primer trimestre se formaron en varias ocupaciones, en el \u00e1rea de cocina y reposter\u00eda<\/em><\/span><\/strong><!--more--><\/p>\n<p>&nbsp;<\/p>\n<p style=\"font-weight: 400; text-align: justify;\"><span style=\"font-family: helvetica, arial, sans-serif; font-size: 14pt;\"><b>YOLAICE VARGAS<\/b><\/span><\/p>\n<p style=\"font-weight: 400; text-align: justify;\"><span style=\"font-family: helvetica, arial, sans-serif; font-size: 14pt;\">Mujeres privadas de libertad del Centro de Coordinaci\u00f3n Policial (CCP) de Guama, municipio Sucre, reciben formaci\u00f3n en el el \u00e1mbito penitenciario que atiende el Instituto Nacional de Capacitaci\u00f3n y Educaci\u00f3n Socialista (Inces).<\/span><\/p>\n<p>&nbsp;<\/p>\n<p style=\"font-weight: 400; text-align: justify;\"><span style=\"font-family: helvetica, arial, sans-serif; font-size: 14pt;\">Las f\u00e9minas vienen recibiendo formaci\u00f3n permanente dentro de las instalaciones del recinto de resguardo, bajo la tutela de la maestra t\u00e9cnica productiva Yuriany Rodr\u00edguez, quien en ocasiones cuenta con apoyo de maestras voluntarias para llevar a cabo la tarea.<\/span><\/p>\n<p>&nbsp;<\/p>\n<p style=\"font-weight: 400; text-align: justify;\"><span style=\"font-family: helvetica, arial, sans-serif; font-size: 14pt;\">Durante el primer trimestre las internas recibieron capacitaci\u00f3n en diversas \u00e1reas relacionadas al \u00e1rea de cocina y reposter\u00eda, y para el segundo trimestre formativo del Inces iniciaron la <\/span><span style=\"font-family: helvetica, arial, sans-serif; font-size: 14pt;\">capacitaci\u00f3n en el perfil productivo Peluquera \/ Peluquero.<\/span><\/p>\n<p>&nbsp;<\/p>\n<p style=\"font-weight: 400; text-align: justify;\"><span style=\"font-family: helvetica, arial, sans-serif; font-size: 14pt;\">De dicho perfil ejecutan la unidad curricular colocaci\u00f3n de pelucas, postizos y extensiones, en donde participan 19 mujeres, quienes se sienten motivadas por la capacitaci\u00f3n que les brinda herramientas y t\u00e9cnicas que les permitir\u00e1n incorporarse al mundo del trabajo, una vez cumplan con la medida impuesta por el Tribunal Supremo de Justicia.<\/span><\/p>\n","protected":false},"excerpt":{"rendered":"<p>** Durante el primer trimestre se formaron en varias ocupaciones, en el \u00e1rea de cocina y reposter\u00eda<\/p>\n","protected":false},"author":4,"featured_media":57990,"comment_status":"closed","ping_status":"closed","sticky":false,"template":"","format":"standard","meta":{"footnotes":""},"categories":[2],"tags":[],"class_list":["post-57989","post","type-post","status-publish","format-standard","has-post-thumbnail","hentry","category-blog"],"_links":{"self":[{"href":"https:\/\/inces.gob.ve\/index.php\/wp-json\/wp\/v2\/posts\/57989","targetHints":{"allow":["GET"]}}],"collection":[{"href":"https:\/\/inces.gob.ve\/index.php\/wp-json\/wp\/v2\/posts"}],"about":[{"href":"https:\/\/inces.gob.ve\/index.php\/wp-json\/wp\/v2\/types\/post"}],"author":[{"embeddable":true,"href":"https:\/\/inces.gob.ve\/index.php\/wp-json\/wp\/v2\/users\/4"}],"replies":[{"embeddable":true,"href":"https:\/\/inces.gob.ve\/index.php\/wp-json\/wp\/v2\/comments?post=57989"}],"version-history":[{"count":1,"href":"https:\/\/inces.gob.ve\/index.php\/wp-json\/wp\/v2\/posts\/57989\/revisions"}],"predecessor-version":[{"id":57991,"href":"https:\/\/inces.gob.ve\/index.php\/wp-json\/wp\/v2\/posts\/57989\/revisions\/57991"}],"wp:featuredmedia":[{"embeddable":true,"href":"https:\/\/inces.gob.ve\/index.php\/wp-json\/wp\/v2\/media\/57990"}],"wp:attachment":[{"href":"https:\/\/inces.gob.ve\/index.php\/wp-json\/wp\/v2\/media?parent=57989"}],"wp:term":[{"taxonomy":"category","embeddable":true,"href":"https:\/\/inces.gob.ve\/index.php\/wp-json\/wp\/v2\/categories?post=57989"},{"taxonomy":"post_tag","embeddable":true,"href":"https:\/\/inces.gob.ve\/index.php\/wp-json\/wp\/v2\/tags?post=57989"}],"curies":[{"name":"wp","href":"https:\/\/api.w.org\/{rel}","templated":true}]}}