{"id":57999,"date":"2024-04-28T11:42:27","date_gmt":"2024-04-28T15:42:27","guid":{"rendered":"https:\/\/inces.gob.ve\/?p=57999"},"modified":"2024-04-28T11:42:27","modified_gmt":"2024-04-28T15:42:27","slug":"zulia-105-aprendices-del-inces-compartieron-junto-al-equipo-de-la-gran-mision-venezuela-joven","status":"publish","type":"post","link":"https:\/\/inces.gob.ve\/index.php\/2024\/04\/28\/zulia-105-aprendices-del-inces-compartieron-junto-al-equipo-de-la-gran-mision-venezuela-joven\/","title":{"rendered":"ZULIA | 105 Aprendices del Inces compartieron junto al equipo de la Gran Misi\u00f3n Venezuela Joven"},"content":{"rendered":"<p style=\"text-align: justify;\"><em><strong><span style=\"font-family: helvetica, arial, sans-serif; font-size: 14pt;\">** Un grupo de aprendices compartieron con la viceministra de la Juventud Productiva y Trabajadora Yosneisy Paredes, en los espacios del Inces Zulia<\/span><\/strong><\/em><!--more--><\/p>\n<p>&nbsp;<\/p>\n<p style=\"text-align: justify;\"><strong><span style=\"font-family: helvetica, arial, sans-serif;\"><span style=\"font-size: 18.6667px;\">MARIANA ALBARR\u00c1N \/ LENIN R\u00cdOS<\/span><\/span><\/strong><\/p>\n<p style=\"text-align: justify;\"><span style=\"font-family: helvetica, arial, sans-serif; font-size: 14pt;\">\u00a1La juventud venezolana lo tiene todo! Amor, fe y fuerza. Continuamos trabajando, creciendo y construyendo, desde el Instituto Nacional de Capacitaci\u00f3n y Educaci\u00f3n Socialista (Inces), en el Zulia, un futuro prometedor, donde cada uno de ellos y ellas, tengan la oportunidad de formarse y desarrollar sus habilidades, por ello, este viernes 26 de abril, se desarroll\u00f3 un encuentro entre los participantes del Programa Nacional de Aprendizaje (PNA) y el equipo de la Gran Misi\u00f3n Venezuela Joven.<\/span><\/p>\n<p>&nbsp;<\/p>\n<p style=\"text-align: justify;\"><span style=\"font-family: helvetica, arial, sans-serif; font-size: 14pt;\">En las instalaciones de la Gerencia del Inces Zulia, m\u00e1s de 105 aprendices en diferentes entidades de trabajo y oficios se congregaron para compartir con la Viceministra de la Juventud Productiva y Trabajadora Yosneisy Paredes, que sostuvo un conversatorio, donde tambi\u00e9n particip\u00f3 Yokendri Bracho, Coordinador del programa Joven Inces y a Tarick S\u00e1nchez, Jefe de Formaci\u00f3n Profesional regional.<\/span><\/p>\n<p>&nbsp;<\/p>\n<p><img loading=\"lazy\" decoding=\"async\" class=\"aligncenter wp-image-58001 size-large\" src=\"https:\/\/inces.gob.ve\/wp-content\/uploads\/2024\/04\/WhatsApp-Image-2024-04-26-at-3.28.23-PM-1024x1024.jpeg\" alt=\"\" width=\"640\" height=\"640\" srcset=\"https:\/\/inces.gob.ve\/wp-content\/uploads\/2024\/04\/WhatsApp-Image-2024-04-26-at-3.28.23-PM-1024x1024.jpeg 1024w, https:\/\/inces.gob.ve\/wp-content\/uploads\/2024\/04\/WhatsApp-Image-2024-04-26-at-3.28.23-PM-300x300.jpeg 300w, https:\/\/inces.gob.ve\/wp-content\/uploads\/2024\/04\/WhatsApp-Image-2024-04-26-at-3.28.23-PM-150x150.jpeg 150w, https:\/\/inces.gob.ve\/wp-content\/uploads\/2024\/04\/WhatsApp-Image-2024-04-26-at-3.28.23-PM-768x768.jpeg 768w, https:\/\/inces.gob.ve\/wp-content\/uploads\/2024\/04\/WhatsApp-Image-2024-04-26-at-3.28.23-PM.jpeg 1280w\" sizes=\"auto, (max-width: 640px) 100vw, 640px\" \/><\/p>\n<p>&nbsp;<\/p>\n<p style=\"text-align: justify;\"><span style=\"font-family: helvetica, arial, sans-serif; font-size: 14pt;\">Estos chicos brillan con luz propia y avanzan con el genio que los caracteriza, lo que gener\u00f3 que la Viceministra los motivara a seguir capacit\u00e1ndose y sum\u00e1ndose, a todas las opciones que les brinda el Gobierno Nacional para educarse.<\/span><\/p>\n<p>&nbsp;<\/p>\n<p style=\"text-align: justify;\"><span style=\"font-family: helvetica, arial, sans-serif; font-size: 14pt;\">\u201cLa Gran Misi\u00f3n Venezuela Joven reconoce el esfuerzo de m\u00e1s de 32 mil zulianos y zulianas que decidieron inscribirse en el Inces. Cada participante se est\u00e1 acercando al mundo del trabajo y la construcci\u00f3n del desarrollo patrio, siguiendo los principios de nuestros programas: vamos aprender y a trabajar, esta es la mejor v\u00eda que un joven puede seleccionar\u201d se\u00f1al\u00f3 Paredes.<\/span><\/p>\n<p>&nbsp;<\/p>\n<p style=\"text-align: justify;\"><span style=\"font-family: helvetica, arial, sans-serif; font-size: 14pt;\">El aprendiz Jorge Rinc\u00f3n, del oficio de Asistente Administrativo expres\u00f3 que el Inces es una instituci\u00f3n de crecimiento para la juventud, a la que recomienda incorporarse, como lo pueden practicar junto a la Gran Misi\u00f3n, con s\u00f3lo registrarse a trav\u00e9s del sistema patria.<\/span><\/p>\n<p><img loading=\"lazy\" decoding=\"async\" class=\"aligncenter wp-image-58002 size-large\" src=\"https:\/\/inces.gob.ve\/wp-content\/uploads\/2024\/04\/WhatsApp-Image-2024-04-26-at-3.26.48-PM-1024x768.jpeg\" alt=\"\" width=\"640\" height=\"480\" srcset=\"https:\/\/inces.gob.ve\/wp-content\/uploads\/2024\/04\/WhatsApp-Image-2024-04-26-at-3.26.48-PM-1024x768.jpeg 1024w, https:\/\/inces.gob.ve\/wp-content\/uploads\/2024\/04\/WhatsApp-Image-2024-04-26-at-3.26.48-PM-300x225.jpeg 300w, https:\/\/inces.gob.ve\/wp-content\/uploads\/2024\/04\/WhatsApp-Image-2024-04-26-at-3.26.48-PM-768x576.jpeg 768w, https:\/\/inces.gob.ve\/wp-content\/uploads\/2024\/04\/WhatsApp-Image-2024-04-26-at-3.26.48-PM-136x102.jpeg 136w, https:\/\/inces.gob.ve\/wp-content\/uploads\/2024\/04\/WhatsApp-Image-2024-04-26-at-3.26.48-PM.jpeg 1280w\" sizes=\"auto, (max-width: 640px) 100vw, 640px\" \/><\/p>\n<p style=\"text-align: justify;\"><span style=\"font-family: helvetica, arial, sans-serif; font-size: 14pt;\">Este primer encuentro encendi\u00f3 el esp\u00edritu de la juventud congregada en el Inces Zulia, que continuar\u00e1 realizando en los pr\u00f3ximos meses, m\u00e1s actividades junto a la Gran Misi\u00f3n Venezuela Joven.<\/span><\/p>\n","protected":false},"excerpt":{"rendered":"<p>** Un grupo de aprendices compartieron con la viceministra de la Juventud Productiva y Trabajadora Yosneisy Paredes, en los espacios del Inces Zulia<\/p>\n","protected":false},"author":4,"featured_media":58000,"comment_status":"closed","ping_status":"closed","sticky":false,"template":"","format":"standard","meta":{"footnotes":""},"categories":[2],"tags":[],"class_list":["post-57999","post","type-post","status-publish","format-standard","has-post-thumbnail","hentry","category-blog"],"_links":{"self":[{"href":"https:\/\/inces.gob.ve\/index.php\/wp-json\/wp\/v2\/posts\/57999","targetHints":{"allow":["GET"]}}],"collection":[{"href":"https:\/\/inces.gob.ve\/index.php\/wp-json\/wp\/v2\/posts"}],"about":[{"href":"https:\/\/inces.gob.ve\/index.php\/wp-json\/wp\/v2\/types\/post"}],"author":[{"embeddable":true,"href":"https:\/\/inces.gob.ve\/index.php\/wp-json\/wp\/v2\/users\/4"}],"replies":[{"embeddable":true,"href":"https:\/\/inces.gob.ve\/index.php\/wp-json\/wp\/v2\/comments?post=57999"}],"version-history":[{"count":1,"href":"https:\/\/inces.gob.ve\/index.php\/wp-json\/wp\/v2\/posts\/57999\/revisions"}],"predecessor-version":[{"id":58003,"href":"https:\/\/inces.gob.ve\/index.php\/wp-json\/wp\/v2\/posts\/57999\/revisions\/58003"}],"wp:featuredmedia":[{"embeddable":true,"href":"https:\/\/inces.gob.ve\/index.php\/wp-json\/wp\/v2\/media\/58000"}],"wp:attachment":[{"href":"https:\/\/inces.gob.ve\/index.php\/wp-json\/wp\/v2\/media?parent=57999"}],"wp:term":[{"taxonomy":"category","embeddable":true,"href":"https:\/\/inces.gob.ve\/index.php\/wp-json\/wp\/v2\/categories?post=57999"},{"taxonomy":"post_tag","embeddable":true,"href":"https:\/\/inces.gob.ve\/index.php\/wp-json\/wp\/v2\/tags?post=57999"}],"curies":[{"name":"wp","href":"https:\/\/api.w.org\/{rel}","templated":true}]}}