{"id":58075,"date":"2024-04-10T13:54:08","date_gmt":"2024-04-10T17:54:08","guid":{"rendered":"https:\/\/inces.gob.ve\/?p=58075"},"modified":"2024-04-30T14:02:23","modified_gmt":"2024-04-30T18:02:23","slug":"falcon-inces-celebra-importante-encuentro-con-unidades-educativas-de-la-peninsula-de-paraguana","status":"publish","type":"post","link":"https:\/\/inces.gob.ve\/index.php\/2024\/04\/10\/falcon-inces-celebra-importante-encuentro-con-unidades-educativas-de-la-peninsula-de-paraguana\/","title":{"rendered":"FALC\u00d3N | Inces celebra importante encuentro con Unidades Educativas de la Pen\u00ednsula de Paraguan\u00e1"},"content":{"rendered":"<div dir=\"auto\" style=\"text-align: justify;\"><em><span style=\"font-family: helvetica, arial, sans-serif; font-size: 14pt;\">** Con la finalidad fijar criterios para la atenci\u00f3n y arranque del Plan de Formaci\u00f3n 2023-2024 para la incorporaci\u00f3n de los bachilleres al mundo del trabajo<\/span><\/em><\/div>\n<p style=\"text-align: justify;\"><!--more--><\/p>\n<div dir=\"auto\" style=\"text-align: justify;\"><\/div>\n<div dir=\"auto\" style=\"text-align: justify;\"><\/div>\n<div dir=\"auto\" style=\"text-align: justify;\"><\/div>\n<div dir=\"auto\" style=\"text-align: justify;\"><strong><span style=\"font-family: helvetica, arial, sans-serif; font-size: 14pt;\">MIRIAM GONZ\u00c1LEZ VILLARROEL<\/span><\/strong><\/div>\n<div dir=\"auto\" style=\"text-align: justify;\"><span style=\"font-family: helvetica, arial, sans-serif; font-size: 14pt;\">En los espacios del Liceo Nacional \u201cMariano de Talavera\u201d en la ciudad de Punto Fijo, la Gerencia Regional del Instituto Nacional de Capacitaci\u00f3n y Educaci\u00f3n Socialista (Inces) en el estado Falc\u00f3n, sostuvo importante encuentro con directores, responsables de control de estudios, supervisores y funcionarios designados de las Unidades Educativas del municipio Carirubana del Centro de Desarrollo de la Calidad Educativa (CDCE) para el arranque del Plan de Formaci\u00f3n 2023-2024 para la incorporaci\u00f3n de los bachilleres al mundo del trabajo.<\/span><\/div>\n<div dir=\"auto\"><\/div>\n<div dir=\"auto\" style=\"text-align: justify;\"><\/div>\n<div dir=\"auto\" style=\"text-align: justify;\"><span style=\"font-family: helvetica, arial, sans-serif; font-size: 14pt;\">En la acci\u00f3n donde participaron mas de 55 instituciones educativas de la Pen\u00ednsula de Paraguan\u00e1, la gerente regional del Inces, Eneyda Mart\u00ednez Rodr\u00edguez, manifest\u00f3 que la acci\u00f3n se desarrolla cumpliendo orientaciones del Ministerio del Poder Popular para la Educaci\u00f3n para fijar acuerdos y definir los pasos a seguir para poner en marcha el inicio del plan para la cohorte 2024.<\/span><\/div>\n<div dir=\"auto\" style=\"text-align: justify;\"><\/div>\n<div dir=\"auto\"><\/div>\n<div dir=\"auto\" style=\"text-align: justify;\"><span style=\"font-family: helvetica, arial, sans-serif; font-size: 14pt;\">Inform\u00f3, que previo al encuentro, se realiz\u00f3 otra reuni\u00f3n donde se dio a conocer los Perfiles Productivos y Unidades Curriculares registradas en el Sistema HACER 2024, para el proceso de las formaciones presenciales.<\/span><\/div>\n<div dir=\"auto\"><\/div>\n<div dir=\"auto\" style=\"text-align: justify;\"><\/div>\n<div dir=\"auto\" style=\"text-align: justify;\"><span style=\"font-family: helvetica, arial, sans-serif; font-size: 14pt;\">Asimismo dijo Mart\u00ednez, para el cumplimiento del plan de estudio de los bachilleres, tambi\u00e9n se cuenta con las formaciones virtuales, para lo cual est\u00e1 disponible el Campus Virtual Inces, a la cual pueden acceder para su registro en:\u00a0<a href=\"https:\/\/campus.inces.edu.ve\/\" target=\"_blank\" rel=\"noopener\" data-saferedirecturl=\"https:\/\/www.google.com\/url?q=https:\/\/campus.inces.edu.ve\/&amp;source=gmail&amp;ust=1714564795194000&amp;usg=AOvVaw3Ke5RiFDc8qTebYZYj7IA8\">https:\/\/campus.inces.edu.ve\/<\/a>, puntualizando, es importante que esta informaci\u00f3n sea socializada con cada estudiante de los a\u00f1os 4to, 5to y 6to que desean realizar formaciones Virtuales.<\/span><\/div>\n<div dir=\"auto\"><\/div>\n<div dir=\"auto\" style=\"text-align: justify;\"><\/div>\n<div dir=\"auto\" style=\"text-align: justify;\"><span style=\"font-family: helvetica, arial, sans-serif; font-size: 14pt;\">Destac\u00f3 la gerente regional del Inces, debe mantenerse contacto constante con los Directores de los Liceos y Unidades Educativas para indagar sobre las formaciones que se imparten a trav\u00e9s de los Grupos Estables vinculadas con el Plan de Formaci\u00f3n para el Mundo del Trabajo y comenzar con el llenado de los respectivos registros y garantizar que todos los bachilleres participen en el plan.<\/span><\/div>\n","protected":false},"excerpt":{"rendered":"<p>** Con la finalidad fijar criterios para la atenci\u00f3n y arranque del Plan de Formaci\u00f3n 2023-2024 para la incorporaci\u00f3n de los bachilleres al mundo del trabajo<\/p>\n","protected":false},"author":4,"featured_media":42300,"comment_status":"closed","ping_status":"closed","sticky":false,"template":"","format":"standard","meta":{"footnotes":""},"categories":[2],"tags":[],"class_list":["post-58075","post","type-post","status-publish","format-standard","has-post-thumbnail","hentry","category-blog"],"_links":{"self":[{"href":"https:\/\/inces.gob.ve\/index.php\/wp-json\/wp\/v2\/posts\/58075","targetHints":{"allow":["GET"]}}],"collection":[{"href":"https:\/\/inces.gob.ve\/index.php\/wp-json\/wp\/v2\/posts"}],"about":[{"href":"https:\/\/inces.gob.ve\/index.php\/wp-json\/wp\/v2\/types\/post"}],"author":[{"embeddable":true,"href":"https:\/\/inces.gob.ve\/index.php\/wp-json\/wp\/v2\/users\/4"}],"replies":[{"embeddable":true,"href":"https:\/\/inces.gob.ve\/index.php\/wp-json\/wp\/v2\/comments?post=58075"}],"version-history":[{"count":1,"href":"https:\/\/inces.gob.ve\/index.php\/wp-json\/wp\/v2\/posts\/58075\/revisions"}],"predecessor-version":[{"id":58081,"href":"https:\/\/inces.gob.ve\/index.php\/wp-json\/wp\/v2\/posts\/58075\/revisions\/58081"}],"wp:featuredmedia":[{"embeddable":true,"href":"https:\/\/inces.gob.ve\/index.php\/wp-json\/wp\/v2\/media\/42300"}],"wp:attachment":[{"href":"https:\/\/inces.gob.ve\/index.php\/wp-json\/wp\/v2\/media?parent=58075"}],"wp:term":[{"taxonomy":"category","embeddable":true,"href":"https:\/\/inces.gob.ve\/index.php\/wp-json\/wp\/v2\/categories?post=58075"},{"taxonomy":"post_tag","embeddable":true,"href":"https:\/\/inces.gob.ve\/index.php\/wp-json\/wp\/v2\/tags?post=58075"}],"curies":[{"name":"wp","href":"https:\/\/api.w.org\/{rel}","templated":true}]}}