{"id":58117,"date":"2024-05-02T11:39:48","date_gmt":"2024-05-02T15:39:48","guid":{"rendered":"https:\/\/inces.gob.ve\/?p=58117"},"modified":"2024-05-02T11:40:03","modified_gmt":"2024-05-02T15:40:03","slug":"95-de-empresas-industriales-y-comerciales-apuestan-al-crecimiento-economico-de-venezuela","status":"publish","type":"post","link":"https:\/\/inces.gob.ve\/index.php\/2024\/05\/02\/95-de-empresas-industriales-y-comerciales-apuestan-al-crecimiento-economico-de-venezuela\/","title":{"rendered":"95 % de empresas industriales y comerciales apuestan al crecimiento econ\u00f3mico de Venezuela"},"content":{"rendered":"<p><em>FUENTE: Venezuela News<\/em><!--more--><\/p>\n<p>&nbsp;<\/p>\n<p>&nbsp;<\/p>\n<p style=\"text-align: justify;\"><span style=\"font-family: helvetica, arial, sans-serif; font-size: 14pt;\">El presidente del Instituto Nacional de Capacitaci\u00f3n y Educaci\u00f3n Socialista (<strong>Inces<\/strong>), Wuikelman Angel, indic\u00f3 que <strong>95 % de las empresas industriales y comerciales<\/strong>\u00a0consideran que habr\u00e1 un mayor crecimiento econ\u00f3mico en Venezuela este 2024. El mencionado dato se desglos\u00f3 de una encuesta realizada durante los tres primeros meses del a\u00f1o.<\/span><\/p>\n<p>&nbsp;<\/p>\n<p style=\"text-align: justify;\"><span style=\"font-family: helvetica, arial, sans-serif; font-size: 14pt;\">El funcionario detall\u00f3 que el mencionado dato proviene de la Encuesta Nacional de Necesidades Formativas en la Industria y el Comercio. En esta fueron consultadas 9.053 compa\u00f1\u00edas que operan en el pa\u00eds. La muestra se realiz\u00f3 del 8 de enero al 10 de marzo de 2024.<\/span><\/p>\n<p>&nbsp;<\/p>\n<h5 style=\"text-align: justify;\"><span style=\"font-family: helvetica, arial, sans-serif; font-size: 14pt;\"><strong><em>\u201cHay una gran expectativa de crecimiento econ\u00f3mico en este pa\u00eds (Venezuela). El estudio arroj\u00f3 que el 95 % se\u00f1ala que en el a\u00f1o 2024 habr\u00e1 crecimiento econ\u00f3mico\u201d<\/em>,\u00a0<\/strong>dijo el presidente del Inces.<\/span><\/h5>\n<p>&nbsp;<\/p>\n<p style=\"text-align: justify;\"><span style=\"font-family: helvetica, arial, sans-serif; font-size: 14pt;\">Otro punto que destac\u00f3 \u00c1ngel, tiene que ver con que las empresas piensan que es necesaria<em>\u00a0\u201cuna\u00a0<strong>formaci\u00f3n que actualice los conocimientos digitales<\/strong>\u00a0para el desempe\u00f1o de las labores empresariales<\/em>\u201c.<\/span><\/p>\n<p>&nbsp;<\/p>\n<p style=\"text-align: justify;\"><span style=\"font-family: helvetica, arial, sans-serif; font-size: 14pt;\">El estudio tambi\u00e9n destaca que los perfiles m\u00e1s solicitados en la actualidad por las corporaciones son administradores de plataformas digitales, destac\u00f3 \u00c1ngel en entrevista para la p\u00e1gina web Uni\u00f3n Radio.<\/span><\/p>\n","protected":false},"excerpt":{"rendered":"<p>FUENTE: Venezuela News<\/p>\n","protected":false},"author":4,"featured_media":58118,"comment_status":"closed","ping_status":"closed","sticky":false,"template":"","format":"standard","meta":{"footnotes":""},"categories":[2],"tags":[],"class_list":["post-58117","post","type-post","status-publish","format-standard","has-post-thumbnail","hentry","category-blog"],"_links":{"self":[{"href":"https:\/\/inces.gob.ve\/index.php\/wp-json\/wp\/v2\/posts\/58117","targetHints":{"allow":["GET"]}}],"collection":[{"href":"https:\/\/inces.gob.ve\/index.php\/wp-json\/wp\/v2\/posts"}],"about":[{"href":"https:\/\/inces.gob.ve\/index.php\/wp-json\/wp\/v2\/types\/post"}],"author":[{"embeddable":true,"href":"https:\/\/inces.gob.ve\/index.php\/wp-json\/wp\/v2\/users\/4"}],"replies":[{"embeddable":true,"href":"https:\/\/inces.gob.ve\/index.php\/wp-json\/wp\/v2\/comments?post=58117"}],"version-history":[{"count":2,"href":"https:\/\/inces.gob.ve\/index.php\/wp-json\/wp\/v2\/posts\/58117\/revisions"}],"predecessor-version":[{"id":58120,"href":"https:\/\/inces.gob.ve\/index.php\/wp-json\/wp\/v2\/posts\/58117\/revisions\/58120"}],"wp:featuredmedia":[{"embeddable":true,"href":"https:\/\/inces.gob.ve\/index.php\/wp-json\/wp\/v2\/media\/58118"}],"wp:attachment":[{"href":"https:\/\/inces.gob.ve\/index.php\/wp-json\/wp\/v2\/media?parent=58117"}],"wp:term":[{"taxonomy":"category","embeddable":true,"href":"https:\/\/inces.gob.ve\/index.php\/wp-json\/wp\/v2\/categories?post=58117"},{"taxonomy":"post_tag","embeddable":true,"href":"https:\/\/inces.gob.ve\/index.php\/wp-json\/wp\/v2\/tags?post=58117"}],"curies":[{"name":"wp","href":"https:\/\/api.w.org\/{rel}","templated":true}]}}