{"id":58144,"date":"2024-03-12T16:06:54","date_gmt":"2024-03-12T20:06:54","guid":{"rendered":"https:\/\/inces.gob.ve\/?p=58144"},"modified":"2024-05-03T16:12:37","modified_gmt":"2024-05-03T20:12:37","slug":"el-inces-y-cevac-continuan-mesas-de-trabajo-en-el-marco-de-la-primera-fase-de-la-formacion-dual","status":"publish","type":"post","link":"https:\/\/inces.gob.ve\/index.php\/2024\/03\/12\/el-inces-y-cevac-continuan-mesas-de-trabajo-en-el-marco-de-la-primera-fase-de-la-formacion-dual\/","title":{"rendered":"El Inces y Cevac\u00a0 contin\u00faan mesas de trabajo en el marco de la primera fase de la Formaci\u00f3n Dual"},"content":{"rendered":"<p style=\"text-align: justify;\"><em><strong><span style=\"font-family: helvetica, arial, sans-serif; font-size: 14pt;\">** Este es un ambicioso proyecto que el Inces sostiene con la Rep\u00fablica Federal de Alemania<\/span><\/strong><\/em><!--more--><\/p>\n<p style=\"text-align: justify;\">\n<p style=\"text-align: justify;\"><span style=\"font-family: helvetica, arial, sans-serif; font-size: 14pt;\">Durante la primera semana del mes de marzo del 2024 se dio inicio a la primera fase sobre la formaci\u00f3n dual en la cual participan delgados tanto del Inces como del Centro Venezolano Alem\u00e1n de Capacitaci\u00f3n (CEVAC ) para la evaluaci\u00f3n y dise\u00f1o de la malla curricular para la formaci\u00f3n dual. Estas actividades se realizaron en la sala de conferencia de la Gerencia General de Curr\u00edculo y Did\u00e1ctica del Inces.<\/span><\/p>\n<p style=\"text-align: justify;\">\n<p style=\"text-align: justify;\"><span style=\"font-family: helvetica, arial, sans-serif; font-size: 14pt;\">Beatriz Sequera, gerente general de Curr\u00edculo y Did\u00e1ctica, calific\u00f3 como hist\u00f3rico el encuentro entre la c\u00e1mara alemana y el Inces, ya que desde aproximadamente 10 a\u00f1os no se realizaba un encuentro. Sequera expres\u00f3 que se \u00abest\u00e1 renovando y proyectando una nueva pol\u00edtica de conocimiento para nuestros j\u00f3venes y dar respuesta a los sectores productivos\u00bb, cabe destacar que esta integraci\u00f3n de Venezuela, Colombia y Alemania\u00a0 permite visualizar el Inces desde la\u00a0 internacionalizaci\u00f3n, es decir, permite mirar m\u00e1s all\u00e1 de nuestras fronteras.<\/span><\/p>\n<p>&nbsp;<\/p>\n<p>&nbsp;<\/p>\n<p><span style=\"font-family: helvetica, arial, sans-serif; font-size: 14pt;\">Por otra parte, estas transformaciones se ver\u00e1n reflejadas en las \u00e1reas de marketing digital, inform\u00e1tica, electricidad electr\u00f3nica y gesti\u00f3n de talento de humano, entre otras.<\/span><\/p>\n<p>&nbsp;<\/p>\n<p style=\"text-align: justify;\"><span style=\"font-family: helvetica, arial, sans-serif; font-size: 14pt;\">En el sitio tambi\u00e9n estuvo presente el jefe de formaci\u00f3n profesional de la C\u00e1mara de Industria y Comercio Colombo-Alemana\u00a0 Andr\u00e9s Valencia, quien expres\u00f3 tener muchas similitudes que dan cuenta de que los venezolanos, en particular el Inces, ha avanzado en una apuesta pertinente para dar soluci\u00f3n a las necesidades de talento humano. Valencia destac\u00f3 que se realiz\u00f3 un diagn\u00f3stico y un an\u00e1lisis a las apuestas del Inces y que desde instituciones como el CEVAC han apostado a agregar tem\u00e1ticas innovadoras al curr\u00edculo que ofrece la casa foramtiva.<\/span><\/p>\n","protected":false},"excerpt":{"rendered":"<p>** Este es un ambicioso proyecto que el Inces sostiene con la Rep\u00fablica Federal de Alemania<\/p>\n","protected":false},"author":4,"featured_media":43166,"comment_status":"closed","ping_status":"closed","sticky":false,"template":"","format":"standard","meta":{"footnotes":""},"categories":[2],"tags":[],"class_list":["post-58144","post","type-post","status-publish","format-standard","has-post-thumbnail","hentry","category-blog"],"_links":{"self":[{"href":"https:\/\/inces.gob.ve\/index.php\/wp-json\/wp\/v2\/posts\/58144","targetHints":{"allow":["GET"]}}],"collection":[{"href":"https:\/\/inces.gob.ve\/index.php\/wp-json\/wp\/v2\/posts"}],"about":[{"href":"https:\/\/inces.gob.ve\/index.php\/wp-json\/wp\/v2\/types\/post"}],"author":[{"embeddable":true,"href":"https:\/\/inces.gob.ve\/index.php\/wp-json\/wp\/v2\/users\/4"}],"replies":[{"embeddable":true,"href":"https:\/\/inces.gob.ve\/index.php\/wp-json\/wp\/v2\/comments?post=58144"}],"version-history":[{"count":1,"href":"https:\/\/inces.gob.ve\/index.php\/wp-json\/wp\/v2\/posts\/58144\/revisions"}],"predecessor-version":[{"id":58145,"href":"https:\/\/inces.gob.ve\/index.php\/wp-json\/wp\/v2\/posts\/58144\/revisions\/58145"}],"wp:featuredmedia":[{"embeddable":true,"href":"https:\/\/inces.gob.ve\/index.php\/wp-json\/wp\/v2\/media\/43166"}],"wp:attachment":[{"href":"https:\/\/inces.gob.ve\/index.php\/wp-json\/wp\/v2\/media?parent=58144"}],"wp:term":[{"taxonomy":"category","embeddable":true,"href":"https:\/\/inces.gob.ve\/index.php\/wp-json\/wp\/v2\/categories?post=58144"},{"taxonomy":"post_tag","embeddable":true,"href":"https:\/\/inces.gob.ve\/index.php\/wp-json\/wp\/v2\/tags?post=58144"}],"curies":[{"name":"wp","href":"https:\/\/api.w.org\/{rel}","templated":true}]}}