{"id":58159,"date":"2024-05-06T08:15:19","date_gmt":"2024-05-06T12:15:19","guid":{"rendered":"https:\/\/inces.gob.ve\/?p=58159"},"modified":"2024-05-06T09:18:18","modified_gmt":"2024-05-06T13:18:18","slug":"yaracuy-integrantes-del-club-de-abuelos-el-renacer-reciben-formacion-a-traves-del-inces","status":"publish","type":"post","link":"https:\/\/inces.gob.ve\/index.php\/2024\/05\/06\/yaracuy-integrantes-del-club-de-abuelos-el-renacer-reciben-formacion-a-traves-del-inces\/","title":{"rendered":"YARACUY | Integrantes del Club de Abuelos El Renacer reciben formaci\u00f3n\u00a0\u00a0a trav\u00e9s del Inces"},"content":{"rendered":"<p style=\"font-weight: 400;\"><strong><span style=\"font-family: helvetica, arial, sans-serif; font-size: 14pt;\"><em>** En su segundo ciclo formativo aprenden la t\u00e9cnica en el perfil productivo Panadero\/a<\/em><\/span><\/strong><!--more--><\/p>\n<p>&nbsp;<\/p>\n<p style=\"text-align: justify;\"><span style=\"font-family: helvetica, arial, sans-serif; font-size: 14pt;\"><b>YOLAICE VARGAS<\/b><\/span><\/p>\n<p style=\"text-align: justify;\"><span style=\"font-family: helvetica, arial, sans-serif; font-size: 14pt;\">Los integrantes del Club de Abuelos El Renacer, de la comunidad Las Tapias, municipio San Felipe, se forman a trav\u00e9s del Instituto Nacional de Capacitaci\u00f3n y Educaci\u00f3n Socialista (Inces), en el perfil productivo Panadero\/a.<\/span><\/p>\n<p>&nbsp;<\/p>\n<p style=\"font-weight: 400; text-align: justify;\"><span style=\"font-family: helvetica, arial, sans-serif; font-size: 14pt;\">En esta oportunidad los participantes desarrollan la unidad curricular Masas B\u00e1sicas de Pasteler\u00eda, los participantes aprenden la t\u00e9cnica para la elaboraci\u00f3n de diferentes tipos de tortas rellenas de chocolate, minis cake, ponquesitos, tortas fr\u00edas, tres leches, entre otras.<\/span><\/p>\n<p>&nbsp;<\/p>\n<p style=\"font-weight: 400; text-align: justify;\"><span style=\"font-family: helvetica, arial, sans-serif; font-size: 14pt;\">La formaci\u00f3n\u00a0\u00a0est\u00e1 a cargo de la maestra t\u00e9cnica productiva (MTP) Maite Colmenarez, quien con implementa diferentes herramientas metodol\u00f3gicas que conjugan la teor\u00eda con la pr\u00e1ctica para un aprendizaje eficiente.<\/span><\/p>\n<p>&nbsp;<\/p>\n<p style=\"font-weight: 400; text-align: justify;\"><span style=\"font-family: helvetica, arial, sans-serif; font-size: 14pt;\">Asimismo, durante cada encuentro de capacitaci\u00f3n participan de talleres inducidos a la motivaci\u00f3n, as\u00ed como de crecimiento personal, profesional, al tiempo que se intercambian experiencias que se vinculan a la unidad curricular \u00c9tica para la Vida.<\/span><\/p>\n<p>&nbsp;<\/p>\n<p style=\"font-weight: 400; text-align: justify;\"><span style=\"font-family: helvetica, arial, sans-serif; font-size: 14pt;\">De esta manera se realiza una formaci\u00f3n integral, en donde adem\u00e1s de aprender un oficio productivo, aprenden c\u00f3mo resolver situaciones y poner en pr\u00e1cticas ciertas actitudes para afrontar la cotidianidad.<\/span><\/p>\n","protected":false},"excerpt":{"rendered":"<p>** En su segundo ciclo formativo aprenden la t\u00e9cnica en el perfil productivo Panadero\/a<\/p>\n","protected":false},"author":4,"featured_media":58160,"comment_status":"closed","ping_status":"closed","sticky":false,"template":"","format":"standard","meta":{"footnotes":""},"categories":[2],"tags":[],"class_list":["post-58159","post","type-post","status-publish","format-standard","has-post-thumbnail","hentry","category-blog"],"_links":{"self":[{"href":"https:\/\/inces.gob.ve\/index.php\/wp-json\/wp\/v2\/posts\/58159","targetHints":{"allow":["GET"]}}],"collection":[{"href":"https:\/\/inces.gob.ve\/index.php\/wp-json\/wp\/v2\/posts"}],"about":[{"href":"https:\/\/inces.gob.ve\/index.php\/wp-json\/wp\/v2\/types\/post"}],"author":[{"embeddable":true,"href":"https:\/\/inces.gob.ve\/index.php\/wp-json\/wp\/v2\/users\/4"}],"replies":[{"embeddable":true,"href":"https:\/\/inces.gob.ve\/index.php\/wp-json\/wp\/v2\/comments?post=58159"}],"version-history":[{"count":1,"href":"https:\/\/inces.gob.ve\/index.php\/wp-json\/wp\/v2\/posts\/58159\/revisions"}],"predecessor-version":[{"id":58161,"href":"https:\/\/inces.gob.ve\/index.php\/wp-json\/wp\/v2\/posts\/58159\/revisions\/58161"}],"wp:featuredmedia":[{"embeddable":true,"href":"https:\/\/inces.gob.ve\/index.php\/wp-json\/wp\/v2\/media\/58160"}],"wp:attachment":[{"href":"https:\/\/inces.gob.ve\/index.php\/wp-json\/wp\/v2\/media?parent=58159"}],"wp:term":[{"taxonomy":"category","embeddable":true,"href":"https:\/\/inces.gob.ve\/index.php\/wp-json\/wp\/v2\/categories?post=58159"},{"taxonomy":"post_tag","embeddable":true,"href":"https:\/\/inces.gob.ve\/index.php\/wp-json\/wp\/v2\/tags?post=58159"}],"curies":[{"name":"wp","href":"https:\/\/api.w.org\/{rel}","templated":true}]}}