{"id":58179,"date":"2024-05-07T13:26:55","date_gmt":"2024-05-07T17:26:55","guid":{"rendered":"https:\/\/inces.gob.ve\/?p=58179"},"modified":"2024-05-07T13:27:12","modified_gmt":"2024-05-07T17:27:12","slug":"apure-participantes-finalizaron-ocho-unidades-curriculares-del-perfil-asistente-administrativo","status":"publish","type":"post","link":"https:\/\/inces.gob.ve\/index.php\/2024\/05\/07\/apure-participantes-finalizaron-ocho-unidades-curriculares-del-perfil-asistente-administrativo\/","title":{"rendered":"APURE | Participantes Finalizaron ocho unidades curriculares del perfil Asistente Administrativo"},"content":{"rendered":"<p style=\"text-align: justify;\"><em><strong><span style=\"font-family: helvetica, arial, sans-serif; font-size: 14pt;\">** Durante aproximadamente cuatro meses estuvieron los participantes en formaci\u00f3n en la gerencia regional del Instituto Nacional de Capacitaci\u00f3n y Educaci\u00f3n Socialista (Inces) en Apure<\/span><\/strong><\/em><!--more--><\/p>\n<p style=\"text-align: justify;\">\n<p style=\"text-align: justify;\"><span style=\"font-family: helvetica, arial, sans-serif; font-size: 14pt;\">Durante 366 horas, 44 participantes recibieron capacitaci\u00f3n en Oratoria, Gesti\u00f3n de Eventos, Legislaci\u00f3n Laboral, Almac\u00e9n, Organizaci\u00f3n y Administraci\u00f3n de Oficinas, Administraci\u00f3n de Recursos Humanos, \u00c9tica para la Vida y Proceso Social del Trabajo, con la maestra t\u00e9cnica productiva, Jennifer P\u00e9rez.<\/span><\/p>\n<p>&nbsp;<\/p>\n<p style=\"text-align: justify;\"><span style=\"font-family: helvetica, arial, sans-serif; font-size: 14pt;\">En la actividad de cierre, los participantes compartieron emotivos discursos de sus vidas y la experiencia vivida durante todas estas horas acad\u00e9micas.<\/span><\/p>\n<p>&nbsp;<\/p>\n<p style=\"text-align: justify;\"><span style=\"font-family: helvetica, arial, sans-serif; font-size: 14pt;\">En este sentido, el gerente regional Daviel Rodr\u00edguez expres\u00f3: \u00abLas puertas del Inces est\u00e1n abiertas para ayudarlos a crecer profesionalmente. Muchas venezolanas han pasado por esta gran escuela. Nunca est\u00e1 de m\u00e1s una formaci\u00f3n para nuestro crecimiento personal y profesional.<\/span><\/p>\n<p style=\"text-align: justify;\">\n<p style=\"text-align: justify;\"><span style=\"font-family: helvetica, arial, sans-serif; font-size: 14pt;\">Al respecto, la participante Elvira Linares se\u00f1al\u00f3: \u00abSoy parte de este grupo del Perfil Asistente Administrativo. Me pareci\u00f3 una formaci\u00f3n muy completa con los conocimientos impartidos por la profesora Jennifer P\u00e9rez, quien nos ayud\u00f3 en diferentes \u00e1mbitos. En el caso de Oratoria ya sabemos dominar el miedo esc\u00e9nico, mejorando la dicci\u00f3n y pues ahora tambi\u00e9n podemos relacionarnos mejor\u00bb.<\/span><\/p>\n<p style=\"text-align: justify;\">\n<p style=\"text-align: justify;\"><span style=\"font-family: helvetica, arial, sans-serif; font-size: 14pt;\">As\u00ed mismo, Mar\u00eda Lugo detall\u00f3: \u00abFue una experiencia muy valiosa, fueron m\u00e1s de 7 unidades curriculares en 4 meses aproximadamente en formaci\u00f3n constante, agradecidos por la oportunidad y cada d\u00eda mejorando tanto en el \u00e1mbito personal y laboral.<\/span><\/p>\n","protected":false},"excerpt":{"rendered":"<p>** Durante aproximadamente cuatro meses estuvieron los participantes en formaci\u00f3n en la gerencia regional del Instituto Nacional de Capacitaci\u00f3n y Educaci\u00f3n Socialista (Inces) en Apure<\/p>\n","protected":false},"author":4,"featured_media":58181,"comment_status":"closed","ping_status":"closed","sticky":false,"template":"","format":"standard","meta":{"footnotes":""},"categories":[2],"tags":[],"class_list":["post-58179","post","type-post","status-publish","format-standard","has-post-thumbnail","hentry","category-blog"],"_links":{"self":[{"href":"https:\/\/inces.gob.ve\/index.php\/wp-json\/wp\/v2\/posts\/58179","targetHints":{"allow":["GET"]}}],"collection":[{"href":"https:\/\/inces.gob.ve\/index.php\/wp-json\/wp\/v2\/posts"}],"about":[{"href":"https:\/\/inces.gob.ve\/index.php\/wp-json\/wp\/v2\/types\/post"}],"author":[{"embeddable":true,"href":"https:\/\/inces.gob.ve\/index.php\/wp-json\/wp\/v2\/users\/4"}],"replies":[{"embeddable":true,"href":"https:\/\/inces.gob.ve\/index.php\/wp-json\/wp\/v2\/comments?post=58179"}],"version-history":[{"count":2,"href":"https:\/\/inces.gob.ve\/index.php\/wp-json\/wp\/v2\/posts\/58179\/revisions"}],"predecessor-version":[{"id":58183,"href":"https:\/\/inces.gob.ve\/index.php\/wp-json\/wp\/v2\/posts\/58179\/revisions\/58183"}],"wp:featuredmedia":[{"embeddable":true,"href":"https:\/\/inces.gob.ve\/index.php\/wp-json\/wp\/v2\/media\/58181"}],"wp:attachment":[{"href":"https:\/\/inces.gob.ve\/index.php\/wp-json\/wp\/v2\/media?parent=58179"}],"wp:term":[{"taxonomy":"category","embeddable":true,"href":"https:\/\/inces.gob.ve\/index.php\/wp-json\/wp\/v2\/categories?post=58179"},{"taxonomy":"post_tag","embeddable":true,"href":"https:\/\/inces.gob.ve\/index.php\/wp-json\/wp\/v2\/tags?post=58179"}],"curies":[{"name":"wp","href":"https:\/\/api.w.org\/{rel}","templated":true}]}}