{"id":58270,"date":"2024-05-13T08:06:51","date_gmt":"2024-05-13T12:06:51","guid":{"rendered":"https:\/\/inces.gob.ve\/?p=58270"},"modified":"2024-05-13T08:06:51","modified_gmt":"2024-05-13T12:06:51","slug":"falcon-inces-promueve-el-empoderamiento-femenino-a-traves-de-la-panaderia","status":"publish","type":"post","link":"https:\/\/inces.gob.ve\/index.php\/2024\/05\/13\/falcon-inces-promueve-el-empoderamiento-femenino-a-traves-de-la-panaderia\/","title":{"rendered":"FALC\u00d3N| Inces promueve el empoderamiento femenino a trav\u00e9s de la panader\u00eda"},"content":{"rendered":"<h1 style=\"text-align: justify;\" align=\"center\"><em><strong><span style=\"font-family: helvetica, arial, sans-serif; font-size: 14pt;\">**Con microclases la instituci\u00f3n va a las comunidades y pone al servicio de las mujeres las experiencias y perspectivas de esta productiva ocupaci\u00f3n del municipio Carirubana<\/span><\/strong><\/em><\/h1>\n<p><!--more--><\/p>\n<h1 style=\"text-align: justify;\" align=\"justify\"><\/h1>\n<p style=\"text-align: justify;\" align=\"justify\"><strong><span style=\"font-family: helvetica, arial, sans-serif; font-size: 14pt;\">MIRIAM GONZ\u00c1LEZ VILLARROEL.-<\/span><\/strong><\/p>\n<h1 style=\"text-align: justify;\" align=\"justify\"><span style=\"font-family: helvetica, arial, sans-serif; font-size: 14pt;\">El Instituto Nacional de Capacitaci\u00f3n y Educaci\u00f3n Socialista (Inces) en la Pen\u00ednsula de Paraguan\u00e1 y a trav\u00e9s del centro de formaci\u00f3n socialista (CFS) \u00abAl\u00cd Primera\u00bb lleg\u00f3 al sector La Chinita en el municipio Carirubana para realizar unamicro clase de panader\u00eda, con la finalidad de realizar captaci\u00f3n de mujeres interesadas en ser productivas a partir de la formaci\u00f3n t\u00e9cnica profesional.<\/span><\/h1>\n<p>&nbsp;<\/p>\n<h1 style=\"text-align: justify;\" align=\"justify\"><span style=\"font-family: helvetica, arial, sans-serif; font-size: 14pt;\">La la acci\u00f3n, dirigida por el talento t\u00e9cnico de la maestra Raiza Parada y donde participan 20 mujeres, se realiza dando cumplimiento al 2do V\u00e9rtice de la Gran Misi\u00f3n Venezuela Mujer, el cual <span lang=\"es-ES\">prioriza la educaci\u00f3n para el empoderamiento de la mujer venezolana, promoviendo alternativas digitales y tecnol\u00f3gicas\u00a0<\/span><span lang=\"es-ES\">para el crecimiento profesional.<\/span><\/span><\/h1>\n<p>&nbsp;<\/p>\n<h1 style=\"text-align: justify;\" align=\"justify\"><span style=\"font-family: helvetica, arial, sans-serif; font-size: 14pt;\">En la actividad, que tuvo como fin propiciar la participaci\u00f3n protag\u00f3nica de la mujer en los procesos formativos del Inces, participaron las Mujeres de Azul, de la Fundaci\u00f3n de Ni\u00f1os Especiales del Trastorno Espectro Autista \u201cMundo Azul\u201d, quienes adem\u00e1s, contaron sus experiencias sobre los conocimientos que adquieren a trav\u00e9s del Inces.<\/span><\/h1>\n<p>&nbsp;<\/p>\n<h1 style=\"text-align: justify;\" align=\"justify\"><span style=\"font-family: helvetica, arial, sans-serif; font-size: 14pt;\">La gerente regional del Inces, Eneyda Mart\u00ednez Rodr\u00edguez, destac\u00f3 la importancia del empoderamiento femenino a trav\u00e9s de iniciativas como la formaci\u00f3n en panader\u00eda, el impacto positivo que puede tener en la comunidad y en la vida de las mujeres involucradas, para su crecimiento personal y profesional\u00bb.<\/span><\/h1>\n<p>&nbsp;<\/p>\n<h1 style=\"text-align: justify;\" align=\"justify\"><span style=\"font-family: helvetica, arial, sans-serif; font-size: 14pt;\">Las participantes, agregaron: \u00abEs una maravillosa iniciativa, realmente es inspirador ver c\u00f3mo el Inces est\u00e1 promoviendo el empoderamiento femenino a trav\u00e9s de la formaci\u00f3n en panader\u00eda, brindando a las mujeres la oportunidad de desarrollar habilidades t\u00e9cnicas y profesionales que les permitan ser productivas y contribuir al crecimiento de sus comunidades\u00bb.<\/span><\/h1>\n<p>&nbsp;<\/p>\n<h1 style=\"text-align: justify;\" align=\"justify\"><span style=\"font-family: helvetica, arial, sans-serif; font-size: 14pt;\">\u00abExcelente ver como se fomenta la participaci\u00f3n protag\u00f3nica de la mujer con estos procesos formativos. Sin duda, este tipo de acciones tienen un impacto positivo tanto a nivel personal como comunitario\u00bb, precisaron las participantes.<\/span><\/h1>\n","protected":false},"excerpt":{"rendered":"<p>**Con microclases la instituci\u00f3n va a las comunidades y pone al servicio de las mujeres las experiencias y perspectivas de esta productiva ocupaci\u00f3n del municipio Carirubana<\/p>\n","protected":false},"author":4,"featured_media":58271,"comment_status":"closed","ping_status":"closed","sticky":false,"template":"","format":"standard","meta":{"footnotes":""},"categories":[2],"tags":[],"class_list":["post-58270","post","type-post","status-publish","format-standard","has-post-thumbnail","hentry","category-blog"],"_links":{"self":[{"href":"https:\/\/inces.gob.ve\/index.php\/wp-json\/wp\/v2\/posts\/58270","targetHints":{"allow":["GET"]}}],"collection":[{"href":"https:\/\/inces.gob.ve\/index.php\/wp-json\/wp\/v2\/posts"}],"about":[{"href":"https:\/\/inces.gob.ve\/index.php\/wp-json\/wp\/v2\/types\/post"}],"author":[{"embeddable":true,"href":"https:\/\/inces.gob.ve\/index.php\/wp-json\/wp\/v2\/users\/4"}],"replies":[{"embeddable":true,"href":"https:\/\/inces.gob.ve\/index.php\/wp-json\/wp\/v2\/comments?post=58270"}],"version-history":[{"count":1,"href":"https:\/\/inces.gob.ve\/index.php\/wp-json\/wp\/v2\/posts\/58270\/revisions"}],"predecessor-version":[{"id":58272,"href":"https:\/\/inces.gob.ve\/index.php\/wp-json\/wp\/v2\/posts\/58270\/revisions\/58272"}],"wp:featuredmedia":[{"embeddable":true,"href":"https:\/\/inces.gob.ve\/index.php\/wp-json\/wp\/v2\/media\/58271"}],"wp:attachment":[{"href":"https:\/\/inces.gob.ve\/index.php\/wp-json\/wp\/v2\/media?parent=58270"}],"wp:term":[{"taxonomy":"category","embeddable":true,"href":"https:\/\/inces.gob.ve\/index.php\/wp-json\/wp\/v2\/categories?post=58270"},{"taxonomy":"post_tag","embeddable":true,"href":"https:\/\/inces.gob.ve\/index.php\/wp-json\/wp\/v2\/tags?post=58270"}],"curies":[{"name":"wp","href":"https:\/\/api.w.org\/{rel}","templated":true}]}}