{"id":58350,"date":"2024-05-15T12:02:31","date_gmt":"2024-05-15T16:02:31","guid":{"rendered":"https:\/\/inces.gob.ve\/?p=58350"},"modified":"2024-05-15T12:03:18","modified_gmt":"2024-05-15T16:03:18","slug":"taller-de-motivacion-y-crecimiento-personal-en-la-escuela-de-emprendedores","status":"publish","type":"post","link":"https:\/\/inces.gob.ve\/index.php\/2024\/05\/15\/taller-de-motivacion-y-crecimiento-personal-en-la-escuela-de-emprendedores\/","title":{"rendered":"Taller de motivaci\u00f3n y crecimiento personal en la Escuela de Emprendedores"},"content":{"rendered":"<p lang=\"es-ES\" style=\"text-align: justify;\" align=\"center\"><strong><span style=\"font-family: helvetica, arial, sans-serif; font-size: 14pt;\">\u201c<i>Con\u00e9ctate con tu abundancia desde tu ser\u201d\u00a0fue impartido por la especialista Christian Arias dirigido a un grupo de mujeres emprendedoras<\/i><\/span><\/strong><!--more--><\/p>\n<p lang=\"es-ES\" style=\"text-align: justify;\" align=\"justify\"><span style=\"font-family: helvetica, arial, sans-serif; font-size: 14pt;\"><strong>FREDDY MART\u00cdNEZ<\/strong> <\/span><\/p>\n<p lang=\"es-ES\" style=\"text-align: justify;\" align=\"justify\"><span style=\"font-family: helvetica, arial, sans-serif; font-size: 14pt;\">La Escuela de Emprendedores del Inces contin\u00faa su curso como cuerpo formativo para los ciudadanos venezolanos, ofreciendo esta vez un taller de motivaci\u00f3n personal, dirigido a un grupo de mujeres que se inician en el camino del emprendimiento y de los peque\u00f1os proyectos de negocios.<\/span><\/p>\n<p lang=\"es-ES\" align=\"justify\">\n<p lang=\"es-ES\" style=\"text-align: justify;\" align=\"justify\"><span style=\"font-family: helvetica, arial, sans-serif; font-size: 14pt;\">El taller denominado\u00a0<b>\u201cCon\u00e9ctate con tu abundancia desde tu ser\u201d\u00a0<\/b>fue dirigido por la profesora Christian Arias, experta en temas motivacionales, de crecimiento personal y manejo de personas con discapacidad.<\/span><\/p>\n<p lang=\"es-ES\" align=\"justify\">\n<p lang=\"es-ES\" style=\"text-align: justify;\" align=\"justify\"><span style=\"font-family: helvetica, arial, sans-serif; font-size: 14pt;\">La especialista es tambi\u00e9n conferencista en temas de superaci\u00f3n, desarrollo personal, anteponerse a bloqueos mentales, entre otros temas afines; asimismo, Arias imparte cursos de dise\u00f1o de moda y modelaje como terapia de autoestima en una academia para mujeres sin estereotipos.<\/span><\/p>\n<p lang=\"es-ES\" align=\"justify\">\n<p lang=\"es-ES\" style=\"text-align: justify;\" align=\"justify\"><span style=\"font-family: helvetica, arial, sans-serif; font-size: 14pt;\">Arias considera que para ser productivos debemos reconocer que somos seres notables, ya que se trata de una valoraci\u00f3n \u201cque nos hace crecer emocionalmente\u201d, pues, \u201clos l\u00edmites est\u00e1n en nuestra mente, una instancia donde no hay edad precisa, ni estereotipos marcados, ni complejos, ni prejuicios; en fin, en la abundancia &#8211; que no es abundancia material &#8211; debemos creer en nosotros mismos\u201d.<\/span><\/p>\n<p lang=\"es-ES\" align=\"justify\">\n<p lang=\"es-ES\" align=\"justify\"><img loading=\"lazy\" decoding=\"async\" class=\"aligncenter wp-image-58353 size-large\" src=\"https:\/\/inces.gob.ve\/wp-content\/uploads\/2024\/05\/DSC_9473-1024x685.jpg\" alt=\"\" width=\"640\" height=\"428\" srcset=\"https:\/\/inces.gob.ve\/wp-content\/uploads\/2024\/05\/DSC_9473-1024x685.jpg 1024w, https:\/\/inces.gob.ve\/wp-content\/uploads\/2024\/05\/DSC_9473-300x201.jpg 300w, https:\/\/inces.gob.ve\/wp-content\/uploads\/2024\/05\/DSC_9473-768x514.jpg 768w, https:\/\/inces.gob.ve\/wp-content\/uploads\/2024\/05\/DSC_9473-1536x1028.jpg 1536w, https:\/\/inces.gob.ve\/wp-content\/uploads\/2024\/05\/DSC_9473-2048x1371.jpg 2048w, https:\/\/inces.gob.ve\/wp-content\/uploads\/2024\/05\/DSC_9473-272x182.jpg 272w\" sizes=\"auto, (max-width: 640px) 100vw, 640px\" \/><\/p>\n<p lang=\"es-ES\" style=\"text-align: justify;\" align=\"justify\"><span style=\"font-family: helvetica, arial, sans-serif; font-size: 14pt;\">\u201cEl taller nos lleva a entender que somos seres positivos, que somos una individualidad en un mill\u00f3n, esa apreciaci\u00f3n nos ayuda a crecer, a creer en los que somos y proyectamos hacia los dem\u00e1s\u201d.<\/span><\/p>\n<p lang=\"es-ES\" align=\"justify\">\n<p lang=\"es-ES\" style=\"text-align: justify;\" align=\"justify\"><span style=\"font-family: helvetica, arial, sans-serif; font-size: 14pt;\">\u201cDebemos entender que todos pasamos por momentos no muy gratos, pero la fortaleza de esos momentos es creer en nosotros mismos. Nuestro enfoque no es tanto lo est\u00e9tico, sino lo espiritual, para ello el taller ofrece herramientas que nos conecta con nuestra propia interioridad\u201d, se\u00f1al\u00f3.<\/span><\/p>\n<p lang=\"es-ES\" align=\"justify\">\n<p lang=\"es-ES\" align=\"justify\"><img loading=\"lazy\" decoding=\"async\" class=\"aligncenter wp-image-58351 size-large\" src=\"https:\/\/inces.gob.ve\/wp-content\/uploads\/2024\/05\/DSC_9475-1024x685.jpg\" alt=\"\" width=\"640\" height=\"428\" srcset=\"https:\/\/inces.gob.ve\/wp-content\/uploads\/2024\/05\/DSC_9475-1024x685.jpg 1024w, https:\/\/inces.gob.ve\/wp-content\/uploads\/2024\/05\/DSC_9475-300x201.jpg 300w, https:\/\/inces.gob.ve\/wp-content\/uploads\/2024\/05\/DSC_9475-768x514.jpg 768w, https:\/\/inces.gob.ve\/wp-content\/uploads\/2024\/05\/DSC_9475-1536x1028.jpg 1536w, https:\/\/inces.gob.ve\/wp-content\/uploads\/2024\/05\/DSC_9475-2048x1371.jpg 2048w, https:\/\/inces.gob.ve\/wp-content\/uploads\/2024\/05\/DSC_9475-272x182.jpg 272w\" sizes=\"auto, (max-width: 640px) 100vw, 640px\" \/><\/p>\n<p lang=\"es-ES\" align=\"justify\">\n<p lang=\"es-ES\" style=\"text-align: justify;\" align=\"justify\"><span style=\"font-family: helvetica, arial, sans-serif; font-size: 14pt;\">La escuela de Emprendedores del Inces ofrece talleres y diferentes cursos regulares a quienes aspiren fortalecer la cultura del emprendimiento a trav\u00e9s de formaciones como: desarrollo de proyecto socioproductivo, tr\u00e1mites institucionales, administraci\u00f3n de peque\u00f1a y mediana empresa, proyecto de vida, marketing y manejo de redes sociales, planificaci\u00f3n de producci\u00f3n de costos y din\u00e1micas de crecimiento personal.<\/span><\/p>\n","protected":false},"excerpt":{"rendered":"<p>\u201cCon\u00e9ctate con tu abundancia desde tu ser\u201d\u00a0fue impartido por la especialista Christian Arias dirigido a un grupo de mujeres emprendedoras<\/p>\n","protected":false},"author":4,"featured_media":58352,"comment_status":"closed","ping_status":"closed","sticky":false,"template":"","format":"standard","meta":{"footnotes":""},"categories":[2],"tags":[],"class_list":["post-58350","post","type-post","status-publish","format-standard","has-post-thumbnail","hentry","category-blog"],"_links":{"self":[{"href":"https:\/\/inces.gob.ve\/index.php\/wp-json\/wp\/v2\/posts\/58350","targetHints":{"allow":["GET"]}}],"collection":[{"href":"https:\/\/inces.gob.ve\/index.php\/wp-json\/wp\/v2\/posts"}],"about":[{"href":"https:\/\/inces.gob.ve\/index.php\/wp-json\/wp\/v2\/types\/post"}],"author":[{"embeddable":true,"href":"https:\/\/inces.gob.ve\/index.php\/wp-json\/wp\/v2\/users\/4"}],"replies":[{"embeddable":true,"href":"https:\/\/inces.gob.ve\/index.php\/wp-json\/wp\/v2\/comments?post=58350"}],"version-history":[{"count":2,"href":"https:\/\/inces.gob.ve\/index.php\/wp-json\/wp\/v2\/posts\/58350\/revisions"}],"predecessor-version":[{"id":58355,"href":"https:\/\/inces.gob.ve\/index.php\/wp-json\/wp\/v2\/posts\/58350\/revisions\/58355"}],"wp:featuredmedia":[{"embeddable":true,"href":"https:\/\/inces.gob.ve\/index.php\/wp-json\/wp\/v2\/media\/58352"}],"wp:attachment":[{"href":"https:\/\/inces.gob.ve\/index.php\/wp-json\/wp\/v2\/media?parent=58350"}],"wp:term":[{"taxonomy":"category","embeddable":true,"href":"https:\/\/inces.gob.ve\/index.php\/wp-json\/wp\/v2\/categories?post=58350"},{"taxonomy":"post_tag","embeddable":true,"href":"https:\/\/inces.gob.ve\/index.php\/wp-json\/wp\/v2\/tags?post=58350"}],"curies":[{"name":"wp","href":"https:\/\/api.w.org\/{rel}","templated":true}]}}