{"id":58369,"date":"2024-05-15T21:42:07","date_gmt":"2024-05-16T01:42:07","guid":{"rendered":"https:\/\/inces.gob.ve\/?p=58369"},"modified":"2024-05-16T07:53:06","modified_gmt":"2024-05-16T11:53:06","slug":"inces-fortalecera-la-formacion-dual-con-sus-institutos-de-accion-docente-delegada","status":"publish","type":"post","link":"https:\/\/inces.gob.ve\/index.php\/2024\/05\/15\/inces-fortalecera-la-formacion-dual-con-sus-institutos-de-accion-docente-delegada\/","title":{"rendered":"Inces fortalecer\u00e1 la formaci\u00f3n dual con sus institutos de acci\u00f3n docente delegada"},"content":{"rendered":"<hr \/>\n<p style=\"text-align: justify;\"><span style=\"font-family: helvetica, arial, sans-serif; font-size: 14pt;\">**El Inces continuar\u00e1 dise\u00f1ando el modelo <\/span><span style=\"font-family: helvetica, arial, sans-serif; font-size: 14pt;\">de formaci\u00f3n dual en alianza con el Instituto Suizo Venezolano Henry Pittier<\/span><!--more--><\/p>\n<p style=\"text-align: justify;\"><span style=\"font-family: helvetica, arial, sans-serif; font-size: 14pt;\">T\/F Luis J. Gonz\u00e1lez C.<\/span><\/p>\n<p style=\"text-align: justify;\"><span style=\"font-family: helvetica, arial, sans-serif; font-size: 14pt;\">El presidente del Instituto Nacional de Capacitaci\u00f3n y Educaci\u00f3n Socialista (Inces) Wuikelman Angel <\/span><span style=\"font-family: helvetica, arial, sans-serif; font-size: 14pt;\">destac\u00f3 el papel fundamental que han tenido los Institutos de Acci\u00f3n Docente Delegada (IADD) como aliados para la formaci\u00f3n t\u00e9cnica profesional, teniendo como premisa el trabajo realizado por el Instituto Suizo Venezolano Henry Pittier del estado Aragua.<\/span><\/p>\n<p>&nbsp;<\/p>\n<p style=\"text-align: justify;\"><span style=\"font-family: helvetica, arial, sans-serif; font-size: 14pt;\">\u201cLos Institutos de Acci\u00f3n Docente Delegada son los principales aliados del Inces para ejecutar el programa nacional de aprendizaje, y desde nuestra instituci\u00f3n estamos dise\u00f1ando el programa de formaci\u00f3n dual para dar atenci\u00f3n formativa a las empresas de acuerdo a sus necesidades\u201d, coment\u00f3 Angel.<\/span><\/p>\n<p><span style=\"font-family: helvetica, arial, sans-serif; font-size: 14pt;\">Las declaraciones del titular de la casa de la formaci\u00f3n t\u00e9cnica profesional en Venezuela, fueron emitidas durante su participaci\u00f3n en el informe de gesti\u00f3n del Instituto Suizo Venezolano Henry Pittier, donde adem\u00e1s explic\u00f3 los diferentes programas de estudio que tiene el Inces, donde adem\u00e1s se vincula a las grandes misiones creadas por el ejecutivo nacional como Gran Misi\u00f3n Venezuela Mujer y Gran Misi\u00f3n Venezuela Joven.<\/span><\/p>\n<p>&nbsp;<\/p>\n<p style=\"text-align: justify;\"><span style=\"font-family: helvetica, arial, sans-serif; font-size: 14pt;\">\u201cDesde el Inces estamos construyendo un modelo educativo que coadyuve a superar el modelo econ\u00f3mico vinculado al rentismo petrolero, lo que ha permitido la capacitaci\u00f3n de 6.675.542 de participantes en los \u00faltimos 10 a\u00f1os en los ocho programas de formaci\u00f3n permanente, incluyendo la plataforma digital conocida como Campus Virtual\u201d, se\u00f1al\u00f3 Angel.<\/span><\/p>\n<p>&nbsp;<\/p>\n<p style=\"text-align: justify;\"><span style=\"font-family: helvetica, arial, sans-serif; font-size: 14pt;\">Por su parte, el presidente de la asociaci\u00f3n civil alianza para el conocimiento Instituto Venezolano Suizo Henry Pittier, Francisco Guerrero destac\u00f3 que la relaci\u00f3n educativa con el Inces parte desde la necesidad de tener un aliado en la formac<\/span><span style=\"font-family: helvetica, arial, sans-serif; font-size: 14pt;\">i\u00f3n t\u00e9cnica profesional en Venezuela, \u201cesta relaci\u00f3n ha sido de sinergia total\u201d, destac\u00f3.<\/span><\/p>\n<p>&nbsp;<\/p>\n<p style=\"text-align: justify;\"><span style=\"font-family: helvetica, arial, sans-serif; font-size: 14pt;\">En el encuentro estuvieron presentes el embajador de Suiza en Venezuela Gilles Roduit quien afirm\u00f3 que en el pa\u00eds europeo la formaci\u00f3n t\u00e9cnica dual corresponde a una tercera parte de la educaci\u00f3n por lo que es considerada de gran importancia, al tiempo que asever\u00f3 el inter\u00e9s de trabajar con el Inces para fortalecer la instituci\u00f3n en este aspecto.<\/span><\/p>\n","protected":false},"excerpt":{"rendered":"<p>**El Inces continuar\u00e1 dise\u00f1ando el modelo de formaci\u00f3n dual en alianza con el Instituto Suizo Venezolano Henry Pittier<\/p>\n","protected":false},"author":4,"featured_media":58370,"comment_status":"closed","ping_status":"closed","sticky":false,"template":"","format":"standard","meta":{"footnotes":""},"categories":[2],"tags":[],"class_list":["post-58369","post","type-post","status-publish","format-standard","has-post-thumbnail","hentry","category-blog"],"_links":{"self":[{"href":"https:\/\/inces.gob.ve\/index.php\/wp-json\/wp\/v2\/posts\/58369","targetHints":{"allow":["GET"]}}],"collection":[{"href":"https:\/\/inces.gob.ve\/index.php\/wp-json\/wp\/v2\/posts"}],"about":[{"href":"https:\/\/inces.gob.ve\/index.php\/wp-json\/wp\/v2\/types\/post"}],"author":[{"embeddable":true,"href":"https:\/\/inces.gob.ve\/index.php\/wp-json\/wp\/v2\/users\/4"}],"replies":[{"embeddable":true,"href":"https:\/\/inces.gob.ve\/index.php\/wp-json\/wp\/v2\/comments?post=58369"}],"version-history":[{"count":3,"href":"https:\/\/inces.gob.ve\/index.php\/wp-json\/wp\/v2\/posts\/58369\/revisions"}],"predecessor-version":[{"id":58374,"href":"https:\/\/inces.gob.ve\/index.php\/wp-json\/wp\/v2\/posts\/58369\/revisions\/58374"}],"wp:featuredmedia":[{"embeddable":true,"href":"https:\/\/inces.gob.ve\/index.php\/wp-json\/wp\/v2\/media\/58370"}],"wp:attachment":[{"href":"https:\/\/inces.gob.ve\/index.php\/wp-json\/wp\/v2\/media?parent=58369"}],"wp:term":[{"taxonomy":"category","embeddable":true,"href":"https:\/\/inces.gob.ve\/index.php\/wp-json\/wp\/v2\/categories?post=58369"},{"taxonomy":"post_tag","embeddable":true,"href":"https:\/\/inces.gob.ve\/index.php\/wp-json\/wp\/v2\/tags?post=58369"}],"curies":[{"name":"wp","href":"https:\/\/api.w.org\/{rel}","templated":true}]}}