{"id":58378,"date":"2024-05-17T10:39:28","date_gmt":"2024-05-17T14:39:28","guid":{"rendered":"https:\/\/inces.gob.ve\/?p=58378"},"modified":"2024-05-17T10:39:28","modified_gmt":"2024-05-17T14:39:28","slug":"trujillo-inces-desarrolla-el-congreso-bicentenario-de-la-batalla-de-junin-y-ayacucho","status":"publish","type":"post","link":"https:\/\/inces.gob.ve\/index.php\/2024\/05\/17\/trujillo-inces-desarrolla-el-congreso-bicentenario-de-la-batalla-de-junin-y-ayacucho\/","title":{"rendered":"TRUJILLO | Inces desarrolla el Congreso Bicentenario de la Batalla de Jun\u00edn y Ayacucho"},"content":{"rendered":"<p style=\"text-align: justify;\"><em><strong><span style=\"font-family: helvetica, arial, sans-serif; font-size: 14pt;\">** El Instituto Nacional de Capacitaci\u00f3n y Educaci\u00f3n Socialista (Inces) inici\u00f3 el pasado lunes el Congreso Nacional Bicentenario de las Batallas de Jun\u00edn y Ayacucho, en el marco del plan Cultura Bolivariana para el desarrollo de las potencialidades de los participantes, aprendices y estudiantes del liceo Inces<\/span><\/strong><\/em><!--more--><\/p>\n<p>&nbsp;<\/p>\n<p style=\"text-align: justify;\">\n<p style=\"text-align: justify;\"><span style=\"font-family: helvetica, arial, sans-serif; font-size: 14pt;\">Cumpliendo las orientaciones emanadas por el presidente del Inces Wuikelman Angel, en el marco del Plan Cultura Bolivariana, el pasado Lunes se dio inicio al Congreso Bicentenario de la Batalla de Jun\u00edn y Ayacucho, el desarrollo del mismo permitir\u00e1 contribuir con la cultura transformadora para la lealtad, soberan\u00eda y defensa de la patria.<\/span><\/p>\n<p>&nbsp;<\/p>\n<p style=\"text-align: justify;\"><span style=\"font-family: helvetica, arial, sans-serif; font-size: 14pt;\">Ambas batallas, presentaron enfrentamientos b\u00e9licos y decisivos rumbo a la independencia tanto del Per\u00fa como de Sur Am\u00e9rica. Por consiguiente, dicho Congreso Bicentenario ha venido desarroll\u00e1ndose de acuerdo con orientaciones generales para su organizaci\u00f3n, posteriormente se realiz\u00f3 la difusi\u00f3n y promoci\u00f3n en los espacios de los Centros de Formaci\u00f3n Socialista (CFS) Al\u00ed Primera, Barbarita de la Torre, Jos\u00e9 Mart\u00ed.<\/span><\/p>\n<p>&nbsp;<\/p>\n<p style=\"text-align: justify;\"><span style=\"font-family: helvetica, arial, sans-serif; font-size: 14pt;\">En este sentido, los participantes, estudiantes y aprendices han venido desarrollando jornadas de debate y construcci\u00f3n de ensayos conjuntamente con los maestros t\u00e9cnicos productivos, facilitadores del Programa Nacional de Aprendizaje y facilitadores del liceo Inces. Asimismo, se han desarrollado actividades culturales en varios renglones tales como dibujo, teatro y poes\u00eda, alusivas a estos significativos hechos hist\u00f3ricos de lucha independentista.<\/span><\/p>\n<p>&nbsp;<\/p>\n<p style=\"text-align: justify;\"><span style=\"font-family: helvetica, arial, sans-serif; font-size: 14pt;\">Estas actividades formativas permiten generar el pensamiento cr\u00edtico, por medio del intercambio de ideas para reconocer la magnitud y dimensi\u00f3n de esta gesta independentista a trav\u00e9s de la reconstrucci\u00f3n de la memoria colectiva e hist\u00f3rica cultivando as\u00ed el amor a la patria y la uni\u00f3n latinoamericana.<\/span><\/p>\n<p style=\"text-align: justify;\">\n<p style=\"text-align: justify;\"><span style=\"font-family: helvetica, arial, sans-serif; font-size: 14pt;\">Finalmente, para culminar las fases del congreso se program\u00f3 el encuentro hist\u00f3rico cultural con la presentaci\u00f3n en los distintos renglones de poes\u00eda, dibujo, obras teatrales alusivas a las gestas independentistas de la batalla de Jun\u00edn y Ayacucho.<\/span><\/p>\n","protected":false},"excerpt":{"rendered":"<p>** El Instituto Nacional de Capacitaci\u00f3n y Educaci\u00f3n Socialista (Inces) inici\u00f3 el pasado lunes el Congreso Nacional Bicentenario de las Batallas de Jun\u00edn y Ayacucho, en el marco del plan Cultura Bolivariana para el desarrollo de las potencialidades de los participantes, aprendices y estudiantes del liceo Inces<\/p>\n","protected":false},"author":4,"featured_media":58379,"comment_status":"closed","ping_status":"closed","sticky":false,"template":"","format":"standard","meta":{"footnotes":""},"categories":[2],"tags":[],"class_list":["post-58378","post","type-post","status-publish","format-standard","has-post-thumbnail","hentry","category-blog"],"_links":{"self":[{"href":"https:\/\/inces.gob.ve\/index.php\/wp-json\/wp\/v2\/posts\/58378","targetHints":{"allow":["GET"]}}],"collection":[{"href":"https:\/\/inces.gob.ve\/index.php\/wp-json\/wp\/v2\/posts"}],"about":[{"href":"https:\/\/inces.gob.ve\/index.php\/wp-json\/wp\/v2\/types\/post"}],"author":[{"embeddable":true,"href":"https:\/\/inces.gob.ve\/index.php\/wp-json\/wp\/v2\/users\/4"}],"replies":[{"embeddable":true,"href":"https:\/\/inces.gob.ve\/index.php\/wp-json\/wp\/v2\/comments?post=58378"}],"version-history":[{"count":1,"href":"https:\/\/inces.gob.ve\/index.php\/wp-json\/wp\/v2\/posts\/58378\/revisions"}],"predecessor-version":[{"id":58380,"href":"https:\/\/inces.gob.ve\/index.php\/wp-json\/wp\/v2\/posts\/58378\/revisions\/58380"}],"wp:featuredmedia":[{"embeddable":true,"href":"https:\/\/inces.gob.ve\/index.php\/wp-json\/wp\/v2\/media\/58379"}],"wp:attachment":[{"href":"https:\/\/inces.gob.ve\/index.php\/wp-json\/wp\/v2\/media?parent=58378"}],"wp:term":[{"taxonomy":"category","embeddable":true,"href":"https:\/\/inces.gob.ve\/index.php\/wp-json\/wp\/v2\/categories?post=58378"},{"taxonomy":"post_tag","embeddable":true,"href":"https:\/\/inces.gob.ve\/index.php\/wp-json\/wp\/v2\/tags?post=58378"}],"curies":[{"name":"wp","href":"https:\/\/api.w.org\/{rel}","templated":true}]}}