{"id":58445,"date":"2024-05-21T14:44:37","date_gmt":"2024-05-21T18:44:37","guid":{"rendered":"https:\/\/inces.gob.ve\/?p=58445"},"modified":"2024-05-21T14:44:37","modified_gmt":"2024-05-21T18:44:37","slug":"inces-detallo-los-resultados-de-la-encuesta-nacional-de-necesidades-formativas-en-la-industria-y-el-comercio","status":"publish","type":"post","link":"https:\/\/inces.gob.ve\/index.php\/2024\/05\/21\/inces-detallo-los-resultados-de-la-encuesta-nacional-de-necesidades-formativas-en-la-industria-y-el-comercio\/","title":{"rendered":"Inces detall\u00f3 los resultados de la Encuesta Nacional de Necesidades Formativas en la Industria y el Comercio"},"content":{"rendered":"<p style=\"text-align: justify;\"><span style=\"font-family: helvetica, arial, sans-serif; font-size: 14pt;\">El presidente del Instituto Nacional de Capacitaci\u00f3n y Educaci\u00f3n Socialista (Inces), Wuikelman Angel Paredes, ofreci\u00f3 este martes una entrevista en el programa Divergencias de la emisora Oyeven 106.9 FM, para detallar los resultados de la Encuesta Nacional de Necesidades Formativas en la Industria y el Comercio.<\/span><\/p>\n<p>&nbsp;<\/p>\n<p style=\"text-align: justify;\"><span style=\"font-family: helvetica, arial, sans-serif; font-size: 14pt;\">Paredes se\u00f1al\u00f3 que la encuesta, realizada a 9.053 empresas de todo el pa\u00eds, arroj\u00f3 datos importantes sobre las demandas de talento humano y las necesidades de formaci\u00f3n de los trabajadores actuales.<\/span><\/p>\n<p>&nbsp;<\/p>\n<p style=\"text-align: justify;\"><span style=\"font-family: helvetica, arial, sans-serif; font-size: 14pt;\">Entre los hallazgos m\u00e1s destacados se encuentra que la mayor\u00eda de las empresas encuestadas (77,7%) manifest\u00f3 tener una expectativa positiva de crecimiento para el a\u00f1o 2024, lo que se traduce en una mayor demanda de perfiles t\u00e9cnicos calificados.<\/span><\/p>\n<p>&nbsp;<\/p>\n<p style=\"text-align: justify;\"><span style=\"font-family: helvetica, arial, sans-serif; font-size: 14pt;\">Entre los perfiles m\u00e1s demandados se encuentran Administrador de Plataformas Digitales, Asistente Administrativo y Asistente de Contabilidad; sin embargo, tambi\u00e9n hay necesidad de las formaciones m\u00e1s tradicionales como alba\u00f1iler\u00eda, plomer\u00eda, herrer\u00eda, carpinter\u00eda, etc.<\/span><\/p>\n<p>&nbsp;<\/p>\n<p style=\"text-align: justify;\"><span style=\"font-family: helvetica, arial, sans-serif; font-size: 14pt;\">Explic\u00f3 Angel que las empresas encuestadas tambi\u00e9n expresaron una percepci\u00f3n positiva sobre la formaci\u00f3n que ofrece el Inces y que el 90% de las entidades de trabajo consideran que la formaci\u00f3n de los trabajadores tiene un impacto positivo en el crecimiento de ellas.<\/span><\/p>\n<p>&nbsp;<\/p>\n<p style=\"text-align: justify;\"><span style=\"font-family: helvetica, arial, sans-serif; font-size: 14pt;\">\u201cEl Inces, en consonancia con la visi\u00f3n del presidente Nicol\u00e1s Maduro de diversificar la econom\u00eda venezolana, est\u00e1 reforzando su oferta formativa en \u00e1reas t\u00e9cnicas para responder a las necesidades del sector productivo nacional\u201d asegur\u00f3 el titular del Inces.<\/span><\/p>\n<p>&nbsp;<\/p>\n<p style=\"text-align: justify;\"><span style=\"font-family: helvetica, arial, sans-serif; font-size: 14pt;\">Durante el segmento que dur\u00f3 el programa, se habl\u00f3 de que fomentar el inter\u00e9s de las nuevas generaciones por \u00e1reas t\u00e9cnicas, estrategia fundamental para abrir un abanico de oportunidades en el \u00e1mbito laboral y profesional a lo j\u00f3venes de la patria.\u00a0<\/span><\/p>\n","protected":false},"excerpt":{"rendered":"<p>El presidente del Instituto Nacional de Capacitaci\u00f3n y Educaci\u00f3n Socialista (Inces), Wuikelman Angel Paredes, ofreci\u00f3 este martes una entrevista en el programa Divergencias de la emisora Oyeven 106.9 FM, para detallar los resultados de la Encuesta Nacional de Necesidades Formativas en la Industria y el Comercio. &nbsp; Paredes se\u00f1al\u00f3 que la encuesta, realizada a 9.053 [&hellip;]<\/p>\n","protected":false},"author":4,"featured_media":58298,"comment_status":"closed","ping_status":"closed","sticky":false,"template":"","format":"standard","meta":{"footnotes":""},"categories":[2],"tags":[],"class_list":["post-58445","post","type-post","status-publish","format-standard","has-post-thumbnail","hentry","category-blog"],"_links":{"self":[{"href":"https:\/\/inces.gob.ve\/index.php\/wp-json\/wp\/v2\/posts\/58445","targetHints":{"allow":["GET"]}}],"collection":[{"href":"https:\/\/inces.gob.ve\/index.php\/wp-json\/wp\/v2\/posts"}],"about":[{"href":"https:\/\/inces.gob.ve\/index.php\/wp-json\/wp\/v2\/types\/post"}],"author":[{"embeddable":true,"href":"https:\/\/inces.gob.ve\/index.php\/wp-json\/wp\/v2\/users\/4"}],"replies":[{"embeddable":true,"href":"https:\/\/inces.gob.ve\/index.php\/wp-json\/wp\/v2\/comments?post=58445"}],"version-history":[{"count":1,"href":"https:\/\/inces.gob.ve\/index.php\/wp-json\/wp\/v2\/posts\/58445\/revisions"}],"predecessor-version":[{"id":58446,"href":"https:\/\/inces.gob.ve\/index.php\/wp-json\/wp\/v2\/posts\/58445\/revisions\/58446"}],"wp:featuredmedia":[{"embeddable":true,"href":"https:\/\/inces.gob.ve\/index.php\/wp-json\/wp\/v2\/media\/58298"}],"wp:attachment":[{"href":"https:\/\/inces.gob.ve\/index.php\/wp-json\/wp\/v2\/media?parent=58445"}],"wp:term":[{"taxonomy":"category","embeddable":true,"href":"https:\/\/inces.gob.ve\/index.php\/wp-json\/wp\/v2\/categories?post=58445"},{"taxonomy":"post_tag","embeddable":true,"href":"https:\/\/inces.gob.ve\/index.php\/wp-json\/wp\/v2\/tags?post=58445"}],"curies":[{"name":"wp","href":"https:\/\/api.w.org\/{rel}","templated":true}]}}