{"id":58548,"date":"2024-06-03T11:48:53","date_gmt":"2024-06-03T15:48:53","guid":{"rendered":"https:\/\/inces.gob.ve\/?p=58548"},"modified":"2024-06-03T11:48:53","modified_gmt":"2024-06-03T15:48:53","slug":"inces-fue-embajador-de-la-semana-del-futbol-olimpiadas-especiales","status":"publish","type":"post","link":"https:\/\/inces.gob.ve\/index.php\/2024\/06\/03\/inces-fue-embajador-de-la-semana-del-futbol-olimpiadas-especiales\/","title":{"rendered":"Inces fue embajador de la Semana del F\u00fatbol Olimpiadas Especiales"},"content":{"rendered":"<p style=\"text-align: justify;\"><span style=\"font-family: helvetica, arial, sans-serif; font-size: 14pt;\"><strong><em>** El aspecto protocolar del encuentro futbol\u00edstico fue patrocinado por el Inces<\/em><\/strong><!--more--><\/span><\/p>\n<p style=\"text-align: justify;\">\n<p style=\"text-align: justify;\"><span style=\"font-family: helvetica, arial, sans-serif; font-size: 14pt;\">La Semana del F\u00fatbol Olimpiadas Especiales (Caracas) se llev\u00f3 a cabo del 31 de mayo al 2 de junio, evento deportivo que cont\u00f3 con la participaci\u00f3n de aprendices Inces, responsables de las formalidades protocolares que exigen este tipo de actividades.<\/span><\/p>\n<p style=\"text-align: justify;\">\n<p style=\"text-align: justify;\"><span style=\"font-family: helvetica, arial, sans-serif; font-size: 14pt;\">En la jornada se enfrentaron equipos de la ciudad de Caracas (2), Falc\u00f3n, Lara Cojedes y Yaracuy. \u00a0<\/span><\/p>\n<p>&nbsp;<\/p>\n<p style=\"text-align: justify;\"><span style=\"font-family: helvetica, arial, sans-serif; font-size: 14pt;\">Se trata de un esfuerzo conjunto entre las Oficinas Nacionales de Olimpiadas Especiales y las Asociaciones Nacionales de F\u00fatbol, que forman parte de la Conmebol, y que tuvo como objetivo promover los valores de inclusi\u00f3n, respeto y equidad a trav\u00e9s de torneos y eventos futbol\u00edsticos.<\/span><\/p>\n<p>&nbsp;<\/p>\n<p style=\"text-align: justify;\"><span style=\"font-family: helvetica, arial, sans-serif; font-size: 14pt;\">La gesta deportiva cont\u00f3 con la participaci\u00f3n de varios embajadores, entre ellos la capitana de la Selecci\u00f3n Vinotinto Sub-20, Marianyela Jim\u00e9nez y la periodista deportiva Antonella Gonz\u00e1lez. Tambi\u00e9n se hicieron presentes el futbolista Nicol\u00e1s \u201cMiku\u201d Fedor y el jugador de la Vinotinto, John Murillo.<\/span><\/p>\n<p>&nbsp;<\/p>\n<p style=\"text-align: justify;\"><span style=\"font-family: helvetica, arial, sans-serif; font-size: 14pt;\">Al respecto, Miriam Duki, madre de uno de los futbolistas, Santiago Carquez, y parte del equipo organizador de estas Olimpiadas Especiales, expres\u00f3 en sus redes sociales: \u201cLa constancia de nosotros como familia ha marcado el paso en su evoluci\u00f3n. Todav\u00eda hay desaf\u00edos, pero definitivamente cada etapa es diferente. Mis hijos, mis maestros, los amo\u201d, un pensar y sentimiento com\u00fan entre los representantes asistentes.<\/span><\/p>\n<p style=\"text-align: justify;\">\n<p style=\"text-align: justify;\">\n","protected":false},"excerpt":{"rendered":"<p>** El aspecto protocolar del encuentro futbol\u00edstico fue patrocinado por el Inces<\/p>\n","protected":false},"author":4,"featured_media":58549,"comment_status":"closed","ping_status":"closed","sticky":false,"template":"","format":"standard","meta":{"footnotes":""},"categories":[2],"tags":[],"class_list":["post-58548","post","type-post","status-publish","format-standard","has-post-thumbnail","hentry","category-blog"],"_links":{"self":[{"href":"https:\/\/inces.gob.ve\/index.php\/wp-json\/wp\/v2\/posts\/58548","targetHints":{"allow":["GET"]}}],"collection":[{"href":"https:\/\/inces.gob.ve\/index.php\/wp-json\/wp\/v2\/posts"}],"about":[{"href":"https:\/\/inces.gob.ve\/index.php\/wp-json\/wp\/v2\/types\/post"}],"author":[{"embeddable":true,"href":"https:\/\/inces.gob.ve\/index.php\/wp-json\/wp\/v2\/users\/4"}],"replies":[{"embeddable":true,"href":"https:\/\/inces.gob.ve\/index.php\/wp-json\/wp\/v2\/comments?post=58548"}],"version-history":[{"count":1,"href":"https:\/\/inces.gob.ve\/index.php\/wp-json\/wp\/v2\/posts\/58548\/revisions"}],"predecessor-version":[{"id":58550,"href":"https:\/\/inces.gob.ve\/index.php\/wp-json\/wp\/v2\/posts\/58548\/revisions\/58550"}],"wp:featuredmedia":[{"embeddable":true,"href":"https:\/\/inces.gob.ve\/index.php\/wp-json\/wp\/v2\/media\/58549"}],"wp:attachment":[{"href":"https:\/\/inces.gob.ve\/index.php\/wp-json\/wp\/v2\/media?parent=58548"}],"wp:term":[{"taxonomy":"category","embeddable":true,"href":"https:\/\/inces.gob.ve\/index.php\/wp-json\/wp\/v2\/categories?post=58548"},{"taxonomy":"post_tag","embeddable":true,"href":"https:\/\/inces.gob.ve\/index.php\/wp-json\/wp\/v2\/tags?post=58548"}],"curies":[{"name":"wp","href":"https:\/\/api.w.org\/{rel}","templated":true}]}}