{"id":58555,"date":"2024-06-03T13:05:05","date_gmt":"2024-06-03T17:05:05","guid":{"rendered":"https:\/\/inces.gob.ve\/?p=58555"},"modified":"2024-06-03T13:05:05","modified_gmt":"2024-06-03T17:05:05","slug":"yaracuy-aprendices-del-oficio-mecanica-en-refrigeracion-culminan-primera-fase-de-capacitacion","status":"publish","type":"post","link":"https:\/\/inces.gob.ve\/index.php\/2024\/06\/03\/yaracuy-aprendices-del-oficio-mecanica-en-refrigeracion-culminan-primera-fase-de-capacitacion\/","title":{"rendered":"YARACUY | Aprendices del Oficio Mec\u00e1nica en Refrigeraci\u00f3n culminan primera fase de capacitaci\u00f3n"},"content":{"rendered":"<p style=\"font-weight: 400; text-align: justify;\"><strong><span style=\"font-family: helvetica, arial, sans-serif; font-size: 14pt;\"><em>*** Durante la presentaci\u00f3n de su proyecto presentaron un simulador que servir\u00e1 para que los futuros aprendices realicen sus pr\u00e1cticas<\/em><\/span><\/strong><!--more--><\/p>\n<p style=\"font-weight: 400; text-align: justify;\"><span style=\"font-family: helvetica, arial, sans-serif; font-size: 14pt;\"><strong>YOLAICE VARGAS<\/strong><\/span><\/p>\n<p style=\"font-weight: 400; text-align: justify;\"><span style=\"font-family: helvetica, arial, sans-serif; font-size: 14pt;\">Doce j\u00f3venes integrantes de la ocupaci\u00f3n Mec\u00e1nica de Refrigeraci\u00f3n y Aires Acondicionados del Programa Nacional de Aprendizaje (PNA), del Instituto Nacional de Capacitaci\u00f3n y Educaci\u00f3n Socialista (Inces), culminaron de manera exitosa la primera fase de capacitaci\u00f3n.<\/span><\/p>\n<p>&nbsp;<\/p>\n<p style=\"font-weight: 400; text-align: justify;\"><span style=\"font-family: helvetica, arial, sans-serif; font-size: 14pt;\">Los aprendices presentaron\u00a0\u00a0ante un jurado encabezado por el gerente regional del Inces, Dalvi Torrealba; la coordinadora regional de PNA, Mar\u00eda Espino; el jefe del Centro de Formaci\u00f3n Socialista San Felipe El Fuerte, Teomar Parra y la gerente de Talento Humano de la empresa, Ebenezer Karla Villegas. El proyecto final, que consisti\u00f3 en un simulador, quedar\u00e1 en la instituci\u00f3n para que los futuros participantes de dicha ocupaci\u00f3n realicen sus pr\u00e1cticas.<\/span><\/p>\n<p>&nbsp;<\/p>\n<p style=\"font-weight: 400; text-align: justify;\"><span style=\"font-family: helvetica, arial, sans-serif; font-size: 14pt;\">Los participantes, once caballeros y una dama, explicaron de una manera muy din\u00e1mica todo lo aprendido durante el a\u00f1o de formaci\u00f3n y el funcionamiento del simulador, el cual consiste en dos fases: la primera que representa todo el sistema de un aire acondicionado split y la segunda el funcionamiento de un aire de ventana anal\u00f3gico.<\/span><\/p>\n<p>&nbsp;<\/p>\n<p style=\"font-weight: 400; text-align: justify;\"><span style=\"font-family: helvetica, arial, sans-serif; font-size: 14pt;\">Con un dominio total del tema, uso correcto de cada t\u00e9rmino en el \u00e1rea, as\u00ed como una extraordinaria postura en el escenario y el buen uso de los recursos, cada participante intervino explicando cada uno de los temas desarrollados durante el proceso formativo, demostrando seguridad y el conocimiento adquirido.<\/span><\/p>\n<p>&nbsp;<\/p>\n<p style=\"font-weight: 400; text-align: justify;\"><span style=\"font-family: helvetica, arial, sans-serif; font-size: 14pt;\">Es significativo se\u00f1alar que el titular del Inces estuvo atento a cada una de las explicaciones realizadas por los j\u00f3venes, a lo que manifest\u00f3 el benepl\u00e1cito de ver c\u00f3mo los aprendices crecen en todos los aspectos durante su paso por la instituci\u00f3n, mencion\u00f3 que los participantes al llegar tienen una idea errada de lo que es el Inces, y gracias a la disciplina impartida se muestran los resultados, no solo en conocimiento a nivel pedag\u00f3gico, sino adem\u00e1s en el crecimiento personal de cada uno.<\/span><\/p>\n<p>&nbsp;<\/p>\n<p style=\"font-weight: 400; text-align: justify;\"><span style=\"font-family: helvetica, arial, sans-serif; font-size: 14pt;\">De igual manera es importante mencionar que el docente a cargo de la formaci\u00f3n, imparti\u00f3 no solo sus conocimientos, sino tambi\u00e9n disciplina, confianza y car\u00e1cter, lo que es preciso para formar profesionales extraordinarios que muestren su valor tanto personal como laboral.<\/span><\/p>\n<p>&nbsp;<\/p>\n<p style=\"font-weight: 400; text-align: justify;\"><span style=\"font-family: helvetica, arial, sans-serif; font-size: 14pt;\">Los aprendices ahora pasar\u00e1n a la segunda fase del oficio como lo es las pr\u00e1cticas laborales, que iniciaran en los pr\u00f3ximos d\u00edas en las instalaciones de la empresa grupo Ebenezer.<\/span><\/p>\n","protected":false},"excerpt":{"rendered":"<p>*** Durante la presentaci\u00f3n de su proyecto presentaron un simulador que servir\u00e1 para que los futuros aprendices realicen sus pr\u00e1cticas<\/p>\n","protected":false},"author":4,"featured_media":58556,"comment_status":"closed","ping_status":"closed","sticky":false,"template":"","format":"standard","meta":{"footnotes":""},"categories":[2],"tags":[],"class_list":["post-58555","post","type-post","status-publish","format-standard","has-post-thumbnail","hentry","category-blog"],"_links":{"self":[{"href":"https:\/\/inces.gob.ve\/index.php\/wp-json\/wp\/v2\/posts\/58555","targetHints":{"allow":["GET"]}}],"collection":[{"href":"https:\/\/inces.gob.ve\/index.php\/wp-json\/wp\/v2\/posts"}],"about":[{"href":"https:\/\/inces.gob.ve\/index.php\/wp-json\/wp\/v2\/types\/post"}],"author":[{"embeddable":true,"href":"https:\/\/inces.gob.ve\/index.php\/wp-json\/wp\/v2\/users\/4"}],"replies":[{"embeddable":true,"href":"https:\/\/inces.gob.ve\/index.php\/wp-json\/wp\/v2\/comments?post=58555"}],"version-history":[{"count":2,"href":"https:\/\/inces.gob.ve\/index.php\/wp-json\/wp\/v2\/posts\/58555\/revisions"}],"predecessor-version":[{"id":58559,"href":"https:\/\/inces.gob.ve\/index.php\/wp-json\/wp\/v2\/posts\/58555\/revisions\/58559"}],"wp:featuredmedia":[{"embeddable":true,"href":"https:\/\/inces.gob.ve\/index.php\/wp-json\/wp\/v2\/media\/58556"}],"wp:attachment":[{"href":"https:\/\/inces.gob.ve\/index.php\/wp-json\/wp\/v2\/media?parent=58555"}],"wp:term":[{"taxonomy":"category","embeddable":true,"href":"https:\/\/inces.gob.ve\/index.php\/wp-json\/wp\/v2\/categories?post=58555"},{"taxonomy":"post_tag","embeddable":true,"href":"https:\/\/inces.gob.ve\/index.php\/wp-json\/wp\/v2\/tags?post=58555"}],"curies":[{"name":"wp","href":"https:\/\/api.w.org\/{rel}","templated":true}]}}