{"id":58606,"date":"2024-06-05T08:20:51","date_gmt":"2024-06-05T12:20:51","guid":{"rendered":"https:\/\/inces.gob.ve\/?p=58606"},"modified":"2024-06-05T08:20:54","modified_gmt":"2024-06-05T12:20:54","slug":"falcon-14-jovenes-ingresan-al-pna-en-la-ocupacion-secretariado-administrativo","status":"publish","type":"post","link":"https:\/\/inces.gob.ve\/index.php\/2024\/06\/05\/falcon-14-jovenes-ingresan-al-pna-en-la-ocupacion-secretariado-administrativo\/","title":{"rendered":"FALC\u00d3N | 14 j\u00f3venes ingresan al PNA en la ocupaci\u00f3n Secretariado Administrativo"},"content":{"rendered":"<div dir=\"auto\" style=\"text-align: justify;\"><\/div>\n<div dir=\"auto\" style=\"text-align: justify;\"><em><strong><span style=\"font-family: helvetica, arial, sans-serif; font-size: 14pt;\">*** El Programa Nacional de Aprendizaje es fundamental para fortalecer la fuerza laboral del pa\u00eds y brindar oportunidades de crecimiento y desarrollo a los j\u00f3venes<\/span><\/strong><\/em><\/div>\n<p><!--more--><\/p>\n<div dir=\"auto\" style=\"text-align: justify;\"><\/div>\n<div dir=\"auto\" style=\"text-align: justify;\"><\/div>\n<div dir=\"auto\" style=\"text-align: justify;\"><\/div>\n<div dir=\"auto\" style=\"text-align: justify;\"><strong><span style=\"font-family: helvetica, arial, sans-serif; font-size: 14pt;\">MIRIAM GONZ\u00c1LEZ VILLARROEL<\/span><\/strong><\/div>\n<div dir=\"auto\" style=\"text-align: justify;\"><span style=\"font-family: helvetica, arial, sans-serif; font-size: 14pt;\">La promoci\u00f3n de la educaci\u00f3n en los j\u00f3venes es fundamental para el desarrollo de cualquier pa\u00eds y en este contexto el Instituto Nacional de Capacitaci\u00f3n y Educaci\u00f3n Socialista (Inces) a trav\u00e9s del Programa Nacional de Aprendizaje (PNA) 14 j\u00f3venes provenientes de varios sectores de Santa Ana de Coro inician su formaci\u00f3n en la ocupaci\u00f3n productiva: Secretariado Administrativo.<\/span><\/div>\n<div dir=\"auto\"><\/div>\n<div dir=\"auto\" style=\"text-align: justify;\"><\/div>\n<div dir=\"auto\" style=\"text-align: justify;\"><span style=\"font-family: helvetica, arial, sans-serif; font-size: 14pt;\">Es una estrategia educativa, en el \u00e1rea de Secretariado Administrativo, crucial para el funcionamiento eficiente de muchas organizaciones y entidades de trabajo, tanto en la regi\u00f3n como en el pa\u00eds.<\/span><\/div>\n<div dir=\"auto\"><\/div>\n<div dir=\"auto\" style=\"text-align: justify;\"><\/div>\n<div dir=\"auto\" style=\"text-align: justify;\"><span style=\"font-family: helvetica, arial, sans-serif; font-size: 14pt;\">\u00abSon catorce j\u00f3venes entusiastas, quienes con compromiso y responsabilidad, han dado un gran paso hacia su futuro al unirse al Programa Nacional de Aprendizaje del Inces, enfoc\u00e1ndose en el \u00e1rea de Secretariado Administrativo\u00bb, precis\u00f3 Maricela G\u00f3mez del PNA.<\/span><\/div>\n<div dir=\"auto\"><\/div>\n<div dir=\"auto\" style=\"text-align: justify;\"><\/div>\n<div dir=\"auto\" style=\"text-align: justify;\"><span style=\"font-family: helvetica, arial, sans-serif; font-size: 14pt;\">Por su parte, la gerente regional manifest\u00f3 su complacencia al recibir en el centro de formaci\u00f3n socialista (CFS) Jos\u00e9 Leonardo Chirino a 14 j\u00f3venes, a quienes el programa les brinda la oportunidad de adquirir habilidades claves en el campo administrativo. \u00abInician una formaci\u00f3n que los preparar\u00e1 para enfrentar los desaf\u00edos del mundo laboral con confianza y determinaci\u00f3n\u00bb. Felicitamos\u00a0 a estos 14 j\u00f3venes por asumir esta emocionante jornada de aprendizaje y crecimiento profesional\u00bb.<\/span><\/div>\n<div dir=\"auto\"><\/div>\n<div dir=\"auto\" style=\"text-align: justify;\"><\/div>\n<div dir=\"auto\" style=\"text-align: justify;\"><span style=\"font-family: helvetica, arial, sans-serif; font-size: 14pt;\">Con este programa bandera del Inces, la instituci\u00f3n se suma a los esfuerzos del gobierno para incluir a los j\u00f3venes en los programas de formaci\u00f3n y desarrollo.<\/span><\/div>\n<div dir=\"auto\"><\/div>\n<div dir=\"auto\" style=\"text-align: justify;\"><\/div>\n<div dir=\"auto\" style=\"text-align: justify;\"><span style=\"font-family: helvetica, arial, sans-serif; font-size: 14pt;\">\u00abSu participaci\u00f3n en el Programa Nacional de Aprendizaje del Inces no solo les brindar\u00e1 oportunidades individuales, sino que tambi\u00e9n contribuir\u00e1 al fortalecimiento de la fuerza laboral del pa\u00eds. Es un gran paso hacia un futuro prometedor para ellos y para la naci\u00f3n\u00bb, precis\u00f3 Eneyda Mart\u00ednez Rodr\u00edguez,\u00a0 gerente regional del Inces en Falc\u00f3n.<\/span><\/div>\n","protected":false},"excerpt":{"rendered":"<p>*** El Programa Nacional de Aprendizaje es fundamental para fortalecer la fuerza laboral del pa\u00eds y brindar oportunidades de crecimiento y desarrollo a los j\u00f3venes<\/p>\n","protected":false},"author":4,"featured_media":43179,"comment_status":"closed","ping_status":"closed","sticky":false,"template":"","format":"standard","meta":{"footnotes":""},"categories":[2],"tags":[],"class_list":["post-58606","post","type-post","status-publish","format-standard","has-post-thumbnail","hentry","category-blog"],"_links":{"self":[{"href":"https:\/\/inces.gob.ve\/index.php\/wp-json\/wp\/v2\/posts\/58606","targetHints":{"allow":["GET"]}}],"collection":[{"href":"https:\/\/inces.gob.ve\/index.php\/wp-json\/wp\/v2\/posts"}],"about":[{"href":"https:\/\/inces.gob.ve\/index.php\/wp-json\/wp\/v2\/types\/post"}],"author":[{"embeddable":true,"href":"https:\/\/inces.gob.ve\/index.php\/wp-json\/wp\/v2\/users\/4"}],"replies":[{"embeddable":true,"href":"https:\/\/inces.gob.ve\/index.php\/wp-json\/wp\/v2\/comments?post=58606"}],"version-history":[{"count":1,"href":"https:\/\/inces.gob.ve\/index.php\/wp-json\/wp\/v2\/posts\/58606\/revisions"}],"predecessor-version":[{"id":58607,"href":"https:\/\/inces.gob.ve\/index.php\/wp-json\/wp\/v2\/posts\/58606\/revisions\/58607"}],"wp:featuredmedia":[{"embeddable":true,"href":"https:\/\/inces.gob.ve\/index.php\/wp-json\/wp\/v2\/media\/43179"}],"wp:attachment":[{"href":"https:\/\/inces.gob.ve\/index.php\/wp-json\/wp\/v2\/media?parent=58606"}],"wp:term":[{"taxonomy":"category","embeddable":true,"href":"https:\/\/inces.gob.ve\/index.php\/wp-json\/wp\/v2\/categories?post=58606"},{"taxonomy":"post_tag","embeddable":true,"href":"https:\/\/inces.gob.ve\/index.php\/wp-json\/wp\/v2\/tags?post=58606"}],"curies":[{"name":"wp","href":"https:\/\/api.w.org\/{rel}","templated":true}]}}