{"id":58707,"date":"2024-06-12T18:05:55","date_gmt":"2024-06-12T22:05:55","guid":{"rendered":"https:\/\/inces.gob.ve\/?p=58707"},"modified":"2024-06-12T18:05:55","modified_gmt":"2024-06-12T22:05:55","slug":"el-inces-inauguro-la-plaza-ernesto-che-guevara-en-homenaje-a-este-gran-hombre","status":"publish","type":"post","link":"https:\/\/inces.gob.ve\/index.php\/2024\/06\/12\/el-inces-inauguro-la-plaza-ernesto-che-guevara-en-homenaje-a-este-gran-hombre\/","title":{"rendered":"El Inces inaugur\u00f3 la Plaza \u201cErnesto Che Guevara\u201d en homenaje a este gran hombre"},"content":{"rendered":"<p style=\"text-align: justify;\"><span style=\"font-family: helvetica, arial, sans-serif; font-size: 14pt;\"><strong>\u201c<\/strong><em>Seamos pesadillas de quienes pretenden arrebatarnos los sue\u00f1os\u2026\u201d Ernesto Guevara<\/em><\/span><!--more--><\/p>\n<p>&nbsp;<\/p>\n<p style=\"text-align: justify;\"><span style=\"font-family: helvetica, arial, sans-serif; font-size: 14pt;\"><em>\u00a0<\/em><\/span><\/p>\n<p style=\"text-align: justify;\"><strong><span style=\"font-family: helvetica, arial, sans-serif; font-size: 14pt;\">DUGLIANNY RAM\u00cdREZ<\/span><\/strong><\/p>\n<p style=\"text-align: justify;\"><span style=\"font-family: helvetica, arial, sans-serif; font-size: 14pt;\">Con el objetivo de fortalecer los lazos de amistad y cooperaci\u00f3n de dos pueblos hermanos que luchan por \u00a0un mismo destino, adem\u00e1s de homenajear al hombre que marc\u00f3 un antes y un despu\u00e9s en la historia de Am\u00e9rica \u00a0Latina como lo es el Comandante Che Guevara, el Instituto Nacional de Capacitaci\u00f3n y Educaci\u00f3n Socialista (Inces) inaugur\u00f3 la ma\u00f1ana de este 12 de junio la plaza \u201cErnesto Che Guevara\u201d, donde posar\u00e1 la estatua de este revolucionario quien\u00a0 fue fiel\u00a0 a su conciencia en la acci\u00f3n y formaci\u00f3n.<\/span><\/p>\n<p>&nbsp;<\/p>\n<p><img loading=\"lazy\" decoding=\"async\" class=\"aligncenter wp-image-58709 size-large\" src=\"https:\/\/inces.gob.ve\/wp-content\/uploads\/2024\/06\/Foto-Oficial-3-1024x683.jpg\" alt=\"\" width=\"640\" height=\"427\" srcset=\"https:\/\/inces.gob.ve\/wp-content\/uploads\/2024\/06\/Foto-Oficial-3-1024x683.jpg 1024w, https:\/\/inces.gob.ve\/wp-content\/uploads\/2024\/06\/Foto-Oficial-3-300x200.jpg 300w, https:\/\/inces.gob.ve\/wp-content\/uploads\/2024\/06\/Foto-Oficial-3-768x512.jpg 768w, https:\/\/inces.gob.ve\/wp-content\/uploads\/2024\/06\/Foto-Oficial-3-1536x1024.jpg 1536w, https:\/\/inces.gob.ve\/wp-content\/uploads\/2024\/06\/Foto-Oficial-3-2048x1365.jpg 2048w, https:\/\/inces.gob.ve\/wp-content\/uploads\/2024\/06\/Foto-Oficial-3-272x182.jpg 272w\" sizes=\"auto, (max-width: 640px) 100vw, 640px\" \/><\/p>\n<p>&nbsp;<\/p>\n<p style=\"text-align: justify;\"><span style=\"font-family: helvetica, arial, sans-serif; font-size: 14pt;\">La actividad cont\u00f3 con la presencia\u00a0 de la doctora Aleida Guevara, hija del homenajeado\u00a0 Che Guevara; el presidente del Inces, Wuikelm\u00e1n Angel Paredes; el director estrat\u00e9gico de Formaci\u00f3n y Autoformaci\u00f3n, Jorge P\u00e9rez; el vicecanciller para Am\u00e9rica Latina, Rander Pe\u00f1a, embajadores de diferentes pa\u00edses del mundo, autoridades de las instituciones p\u00fablicas de Venezuela y trabajadores de esta prestigiosa casa de estudio, quienes fueron testigos de este acto tan conmemorativo para esta instituci\u00f3n.<\/span><\/p>\n<p>&nbsp;<\/p>\n<p style=\"text-align: justify;\"><span style=\"font-family: helvetica, arial, sans-serif; font-size: 14pt;\">Durante el evento \u00c1ngel destac\u00f3 que esta actividad nos convoca a rememorar y celebrar la trayectoria del guerrillero heroico Ernesto Che Guevara a 96 a\u00f1os de su nacimiento; adem\u00e1s, acot\u00f3 que la visita de la doctora Guevara es presidida por la motivaci\u00f3n de acercarnos m\u00e1s al pensamiento de este gran hombre \u00a0revolucionario y garantizar en el tiempo el estudio profundo de sus ideas y principios que se mantienen \u00a0en plena vigencia a pesar de las grandes campa\u00f1as del enemigo ideol\u00f3gico que pretende sumergir a la humanidad en un mundo sin \u00e9tica.<\/span><\/p>\n<p>&nbsp;<\/p>\n<p><img loading=\"lazy\" decoding=\"async\" class=\"aligncenter wp-image-58710 size-large\" src=\"https:\/\/inces.gob.ve\/wp-content\/uploads\/2024\/06\/Palabras-W-3-1024x683.jpg\" alt=\"\" width=\"640\" height=\"427\" srcset=\"https:\/\/inces.gob.ve\/wp-content\/uploads\/2024\/06\/Palabras-W-3-1024x683.jpg 1024w, https:\/\/inces.gob.ve\/wp-content\/uploads\/2024\/06\/Palabras-W-3-300x200.jpg 300w, https:\/\/inces.gob.ve\/wp-content\/uploads\/2024\/06\/Palabras-W-3-768x512.jpg 768w, https:\/\/inces.gob.ve\/wp-content\/uploads\/2024\/06\/Palabras-W-3-1536x1024.jpg 1536w, https:\/\/inces.gob.ve\/wp-content\/uploads\/2024\/06\/Palabras-W-3-2048x1365.jpg 2048w, https:\/\/inces.gob.ve\/wp-content\/uploads\/2024\/06\/Palabras-W-3-272x182.jpg 272w\" sizes=\"auto, (max-width: 640px) 100vw, 640px\" \/><\/p>\n<p>&nbsp;<\/p>\n<p style=\"text-align: justify;\"><span style=\"font-family: helvetica, arial, sans-serif; font-size: 14pt;\">\u201cErnesto Che Guevara representa\u00a0 uno de los s\u00edmbolos \u00e9ticos m\u00e1s prominentes\u00a0 de la historia contempor\u00e1nea, en tal sentido para asumir el compromiso con el guerrillero heroico debemos estudiar sus ideas, en funci\u00f3n de nuestros roles y responsabilidades y a partir de un conocimiento profundo y consiente de su legado\u201d, expres\u00f3 \u00c1ngel durante su discurso.<\/span><\/p>\n<p>&nbsp;<\/p>\n<p style=\"text-align: justify;\"><span style=\"font-family: helvetica, arial, sans-serif; font-size: 14pt;\">Por su parte, la doctora Aleida Guevara expres\u00f3 que su padre es y siempre ser\u00e1 un hombre al que le gustaba estar en el medio del pueblo y en los lugares donde se van educando las nuevas generaciones; tambi\u00e9n coment\u00f3 que le parece hermoso que esta obra se haya hecho reflejando al Che en movimiento: \u201cNo est\u00e1 parado, est\u00e1 como si fuera a seguir caminando y eso es lo importante, si ustedes logran hacerlo caminar junto a cada uno de ustedes entonces la obra estar\u00e1 completa\u201d agreg\u00f3.<\/span><\/p>\n<p style=\"text-align: justify;\"><img loading=\"lazy\" decoding=\"async\" class=\"aligncenter wp-image-58712 size-large\" src=\"https:\/\/inces.gob.ve\/wp-content\/uploads\/2024\/06\/IMG_8792-1024x683.jpg\" alt=\"\" width=\"640\" height=\"427\" srcset=\"https:\/\/inces.gob.ve\/wp-content\/uploads\/2024\/06\/IMG_8792-1024x683.jpg 1024w, https:\/\/inces.gob.ve\/wp-content\/uploads\/2024\/06\/IMG_8792-300x200.jpg 300w, https:\/\/inces.gob.ve\/wp-content\/uploads\/2024\/06\/IMG_8792-768x512.jpg 768w, https:\/\/inces.gob.ve\/wp-content\/uploads\/2024\/06\/IMG_8792-1536x1024.jpg 1536w, https:\/\/inces.gob.ve\/wp-content\/uploads\/2024\/06\/IMG_8792-2048x1365.jpg 2048w, https:\/\/inces.gob.ve\/wp-content\/uploads\/2024\/06\/IMG_8792-272x182.jpg 272w\" sizes=\"auto, (max-width: 640px) 100vw, 640px\" \/><\/p>\n<p>&nbsp;<\/p>\n<p style=\"text-align: justify;\"><span style=\"font-family: helvetica, arial, sans-serif; font-size: 14pt;\">El vicecanciller para Am\u00e9rica Latina, Rander Pe\u00f1a, catalog\u00f3 esta iniciativa del Inces como un acto extraordinario y felicit\u00f3 al presidente de la instituci\u00f3n por el excelente trabajo que est\u00e1 realizando. Pe\u00f1a destac\u00f3 que el prop\u00f3sito de este proceso es entender que somos tendencia de lo que ha pasado y lo que pasar\u00e1 depender\u00e1 de lo que seamos capaces de hacer.<\/span><\/p>\n<p>&nbsp;<\/p>\n<p style=\"text-align: justify;\"><img loading=\"lazy\" decoding=\"async\" class=\"aligncenter wp-image-58713 size-large\" src=\"https:\/\/inces.gob.ve\/wp-content\/uploads\/2024\/06\/Intervencion-de-Rader-1024x683.jpg\" alt=\"\" width=\"640\" height=\"427\" srcset=\"https:\/\/inces.gob.ve\/wp-content\/uploads\/2024\/06\/Intervencion-de-Rader-1024x683.jpg 1024w, https:\/\/inces.gob.ve\/wp-content\/uploads\/2024\/06\/Intervencion-de-Rader-300x200.jpg 300w, https:\/\/inces.gob.ve\/wp-content\/uploads\/2024\/06\/Intervencion-de-Rader-768x512.jpg 768w, https:\/\/inces.gob.ve\/wp-content\/uploads\/2024\/06\/Intervencion-de-Rader-1536x1024.jpg 1536w, https:\/\/inces.gob.ve\/wp-content\/uploads\/2024\/06\/Intervencion-de-Rader-2048x1365.jpg 2048w, https:\/\/inces.gob.ve\/wp-content\/uploads\/2024\/06\/Intervencion-de-Rader-272x182.jpg 272w\" sizes=\"auto, (max-width: 640px) 100vw, 640px\" \/><\/p>\n<p>&nbsp;<\/p>\n<p style=\"text-align: justify;\"><span style=\"font-family: helvetica, arial, sans-serif; font-size: 14pt;\">Cabe destacar que Ernesto Che Guevara se caracteriz\u00f3 por su lucha por el socialismo para reemplazar el capitalismo, fue un hombre lleno de fuerzas y valores que lo llevaron a rechazar las injusticias en un sistema que generaba desigualdad social.<\/span><\/p>\n<p>&nbsp;<\/p>\n<p><img loading=\"lazy\" decoding=\"async\" class=\"aligncenter wp-image-58714 size-large\" src=\"https:\/\/inces.gob.ve\/wp-content\/uploads\/2024\/06\/IMG_8768-1024x683.jpg\" alt=\"\" width=\"640\" height=\"427\" srcset=\"https:\/\/inces.gob.ve\/wp-content\/uploads\/2024\/06\/IMG_8768-1024x683.jpg 1024w, https:\/\/inces.gob.ve\/wp-content\/uploads\/2024\/06\/IMG_8768-300x200.jpg 300w, https:\/\/inces.gob.ve\/wp-content\/uploads\/2024\/06\/IMG_8768-768x512.jpg 768w, https:\/\/inces.gob.ve\/wp-content\/uploads\/2024\/06\/IMG_8768-1536x1024.jpg 1536w, https:\/\/inces.gob.ve\/wp-content\/uploads\/2024\/06\/IMG_8768-2048x1365.jpg 2048w, https:\/\/inces.gob.ve\/wp-content\/uploads\/2024\/06\/IMG_8768-272x182.jpg 272w\" sizes=\"auto, (max-width: 640px) 100vw, 640px\" \/><\/p>\n<p>&nbsp;<\/p>\n<p><img loading=\"lazy\" decoding=\"async\" class=\"aligncenter wp-image-58716 size-large\" src=\"https:\/\/inces.gob.ve\/wp-content\/uploads\/2024\/06\/Linea-de-autoridades-en-silla-3-1024x683.jpg\" alt=\"\" width=\"640\" height=\"427\" srcset=\"https:\/\/inces.gob.ve\/wp-content\/uploads\/2024\/06\/Linea-de-autoridades-en-silla-3-1024x683.jpg 1024w, https:\/\/inces.gob.ve\/wp-content\/uploads\/2024\/06\/Linea-de-autoridades-en-silla-3-300x200.jpg 300w, https:\/\/inces.gob.ve\/wp-content\/uploads\/2024\/06\/Linea-de-autoridades-en-silla-3-768x512.jpg 768w, https:\/\/inces.gob.ve\/wp-content\/uploads\/2024\/06\/Linea-de-autoridades-en-silla-3-1536x1024.jpg 1536w, https:\/\/inces.gob.ve\/wp-content\/uploads\/2024\/06\/Linea-de-autoridades-en-silla-3-2048x1365.jpg 2048w, https:\/\/inces.gob.ve\/wp-content\/uploads\/2024\/06\/Linea-de-autoridades-en-silla-3-272x182.jpg 272w\" sizes=\"auto, (max-width: 640px) 100vw, 640px\" \/><\/p>\n","protected":false},"excerpt":{"rendered":"<p>\u201cSeamos pesadillas de quienes pretenden arrebatarnos los sue\u00f1os\u2026\u201d Ernesto Guevara<\/p>\n","protected":false},"author":4,"featured_media":58708,"comment_status":"closed","ping_status":"closed","sticky":false,"template":"","format":"standard","meta":{"footnotes":""},"categories":[2],"tags":[],"class_list":["post-58707","post","type-post","status-publish","format-standard","has-post-thumbnail","hentry","category-blog"],"_links":{"self":[{"href":"https:\/\/inces.gob.ve\/index.php\/wp-json\/wp\/v2\/posts\/58707","targetHints":{"allow":["GET"]}}],"collection":[{"href":"https:\/\/inces.gob.ve\/index.php\/wp-json\/wp\/v2\/posts"}],"about":[{"href":"https:\/\/inces.gob.ve\/index.php\/wp-json\/wp\/v2\/types\/post"}],"author":[{"embeddable":true,"href":"https:\/\/inces.gob.ve\/index.php\/wp-json\/wp\/v2\/users\/4"}],"replies":[{"embeddable":true,"href":"https:\/\/inces.gob.ve\/index.php\/wp-json\/wp\/v2\/comments?post=58707"}],"version-history":[{"count":1,"href":"https:\/\/inces.gob.ve\/index.php\/wp-json\/wp\/v2\/posts\/58707\/revisions"}],"predecessor-version":[{"id":58717,"href":"https:\/\/inces.gob.ve\/index.php\/wp-json\/wp\/v2\/posts\/58707\/revisions\/58717"}],"wp:featuredmedia":[{"embeddable":true,"href":"https:\/\/inces.gob.ve\/index.php\/wp-json\/wp\/v2\/media\/58708"}],"wp:attachment":[{"href":"https:\/\/inces.gob.ve\/index.php\/wp-json\/wp\/v2\/media?parent=58707"}],"wp:term":[{"taxonomy":"category","embeddable":true,"href":"https:\/\/inces.gob.ve\/index.php\/wp-json\/wp\/v2\/categories?post=58707"},{"taxonomy":"post_tag","embeddable":true,"href":"https:\/\/inces.gob.ve\/index.php\/wp-json\/wp\/v2\/tags?post=58707"}],"curies":[{"name":"wp","href":"https:\/\/api.w.org\/{rel}","templated":true}]}}