{"id":58734,"date":"2024-06-13T15:53:16","date_gmt":"2024-06-13T19:53:16","guid":{"rendered":"https:\/\/inces.gob.ve\/?p=58734"},"modified":"2024-06-13T15:53:16","modified_gmt":"2024-06-13T19:53:16","slug":"telefonica-movistar-e-inces-abren-puertas-a-todos-hacia-el-mundo-digital","status":"publish","type":"post","link":"https:\/\/inces.gob.ve\/index.php\/2024\/06\/13\/telefonica-movistar-e-inces-abren-puertas-a-todos-hacia-el-mundo-digital\/","title":{"rendered":"Telef\u00f3nica Movistar e Inces abren puertas a todos hacia el mundo digital"},"content":{"rendered":"<p style=\"text-align: justify;\" align=\"justify\"><em><span style=\"font-family: helvetica, arial, sans-serif; font-size: 14pt;\"><b>*** Esta alianza fue hechura de la Organizaci\u00f3n de las Naciones Unidas para la Educaci\u00f3n, la Ciencia y la Cultura (Unesco) y ya cuenta con 4 a\u00f1os de actividades conjuntas<\/b><\/span><\/em><!--more--><\/p>\n<p align=\"justify\">\n<p align=\"justify\">\n<p style=\"text-align: justify;\" align=\"justify\"><span style=\"font-family: helvetica, arial, sans-serif; font-size: 14pt;\">A cuatro a\u00f1os de establecerse la alianza entre el Instituto Nacional de Capacitaci\u00f3n y Educaci\u00f3n Socialista (Inces) y la Fundaci\u00f3n Telef\u00f3nica Movistar, el acuerdo sostiene una permanente fructificaci\u00f3n al punto de alcanzar las 63 formaciones, recordando que al inicio eran tan solo 12. La v\u00eda de acceso al p\u00fablico es la plataforma \u201cConecta empleo\u201d. Su objetivo es la formaci\u00f3n <i>online\u00a0<\/i>gratuita para promover la digitalizaci\u00f3n de los sectores productivos y acelerar la transformaci\u00f3n digital de los participantes.<\/span><\/p>\n<p align=\"justify\">\n<p style=\"text-align: justify;\" align=\"justify\"><span style=\"font-family: helvetica, arial, sans-serif; font-size: 14pt;\">Para desarrollar y beneficiarse inequ\u00edvocamente en las distintas competencias los promotores organizaron un estamento por niveles: <\/span><\/p>\n<p align=\"justify\">\n<p style=\"text-align: justify;\" align=\"justify\"><span style=\"font-family: helvetica, arial, sans-serif; font-size: 14pt;\"><b>Competencias para la vida profesional: <\/b><\/span><span style=\"font-family: helvetica, arial, sans-serif; font-size: 14pt;\">Programaci\u00f3n Neuroling\u00fc\u00edstica, T\u00e1cticas de negociaci\u00f3n efectiva, Office B\u00e1sico, Office Intermedio y Gesti\u00f3n de proyectos a trav\u00e9s de smartphone, entre otros; <\/span><\/p>\n<p style=\"text-align: justify;\" align=\"justify\"><span style=\"font-family: helvetica, arial, sans-serif; font-size: 14pt;\"><b>D<\/b><b>ise\u00f1o\u00a0<\/b><b>y creaci\u00f3n de productos digitales: <\/b><\/span><span style=\"font-family: helvetica, arial, sans-serif; font-size: 14pt;\"><i>Design Thinking;\u00a0<\/i>Presentaciones en p\u00fablico y digitales; Introducci\u00f3n al dise\u00f1o de videojuegos; Creaci\u00f3n de podcats profesional desde cero y Fundamentos de UX; <\/span><\/p>\n<p style=\"text-align: justify;\" align=\"justify\"><span style=\"font-family: helvetica, arial, sans-serif; font-size: 14pt;\"><b>Formaci\u00f3n para la b\u00fasqueda de empleo: <\/b><\/span><span style=\"font-family: helvetica, arial, sans-serif; font-size: 14pt;\">Habilidades para el empleo; Dise\u00f1o de curr\u00edculos de alto impacto; Entrevistas de trabajo exitosas y Networking y marketing personal; <\/span><\/p>\n<p style=\"text-align: justify;\" align=\"justify\"><span style=\"font-family: helvetica, arial, sans-serif; font-size: 14pt;\"><b>Marketing: <\/b><\/span><span style=\"font-family: helvetica, arial, sans-serif; font-size: 14pt;\">Storytelling, Construcci\u00f3n de marca; Marketing digital, Anal\u00edtica Web y Desarrollo de plan digital de comunicaci\u00f3n, entre otros;<\/span><\/p>\n<p style=\"text-align: justify;\" align=\"justify\"><span style=\"font-family: helvetica, arial, sans-serif; font-size: 14pt;\"><b>Programaci\u00f3n y desarrollo de software: <\/b><\/span><span style=\"font-family: helvetica, arial, sans-serif; font-size: 14pt;\">Aprende WordPress; Introducci\u00f3n a la programaci\u00f3n, Programaci\u00f3n con Javascript y Fundamentos de programaci\u00f3n;<\/span><\/p>\n<p style=\"text-align: justify;\" align=\"justify\"><span style=\"font-family: helvetica, arial, sans-serif; font-size: 14pt;\"><b>Big data e inteligencia artificial: <\/b><\/span><span style=\"font-family: helvetica, arial, sans-serif; font-size: 14pt;\">Principios b\u00e1sicos de big data y principios b\u00e1sicos del Internet de las cosas;<\/span><\/p>\n<p style=\"text-align: justify;\" align=\"justify\"><span style=\"font-family: helvetica, arial, sans-serif; font-size: 14pt;\"><b>Competencia digitales: <\/b><\/span><span style=\"font-family: helvetica, arial, sans-serif; font-size: 14pt;\">Ciberseguridad en el entorno educativo, Comunicaci\u00f3n y colaboraci\u00f3n digital y Creaci\u00f3n de contenidos digitales, entre otros;<\/span><\/p>\n<p style=\"text-align: justify;\" align=\"justify\"><span style=\"font-family: helvetica, arial, sans-serif; font-size: 14pt;\"><b>Innovaci\u00f3n educativa para docentes: <\/b><\/span><span style=\"font-family: helvetica, arial, sans-serif; font-size: 14pt;\">Presentaciones digitales eficaces, gesti\u00f3n del cambio y soluci\u00f3n de problemas, entre otros.<\/span><\/p>\n<p align=\"justify\">\n<p style=\"text-align: justify;\" align=\"justify\"><span style=\"font-family: helvetica, arial, sans-serif; font-size: 14pt;\">Todo este contenido expuesto fue aportado por la invitada especial del programa radial \u201cSomos Inces\u201d (285), Karina Salas, gerente de estrategia digital de Fundaci\u00f3n Telef\u00f3nica, quien inform\u00f3 que la plataforma \u201cConecta Empleo\u201d se halla en todos los pa\u00edses de Latinoam\u00e9rica donde se encuentra Movistar funcionando y por supuesto Espa\u00f1a, donde se origina todo.<\/span><\/p>\n<p align=\"justify\">\n<p style=\"text-align: justify;\" align=\"justify\"><span style=\"font-family: helvetica, arial, sans-serif; font-size: 14pt;\">Para ingresar a toda la informaci\u00f3n de forma m\u00e1s precisa, se debe acceder a la p\u00e1gina del Inces, buscar el banner de la Fundaci\u00f3n Telef\u00f3nica y entrar en Conecta Empleo, que tiene como objetivo que personas desempleadas, o que quieran mejorar su empleabilidad, se conviertan en profesionales digitales con m\u00e1s posibilidades de inserci\u00f3n en el mercado laboral actual.<\/span><\/p>\n<p align=\"justify\">\n<p style=\"text-align: justify;\" align=\"justify\"><span style=\"font-family: helvetica, arial, sans-serif; font-size: 14pt;\">Como resultado final debe concluirse que tanto la Fundaci\u00f3n Telef\u00f3nica Movistar como el Inces, han abierto una ventana de oportunidades, sin costo alguno, para que los interesados en el pa\u00eds ingresen al mundo digital, se preparen de mejor manera para afrontar los cambios por venir, conectando el perfil con la nueva empleabilidad digital. Inclusi\u00f3n es la consigna.<\/span><\/p>\n","protected":false},"excerpt":{"rendered":"<p>*** Esta alianza fue hechura de la Organizaci\u00f3n de las Naciones Unidas para la Educaci\u00f3n, la Ciencia y la Cultura (Unesco) y ya cuenta con 4 a\u00f1os de actividades conjuntas<\/p>\n","protected":false},"author":4,"featured_media":41343,"comment_status":"closed","ping_status":"closed","sticky":false,"template":"","format":"standard","meta":{"footnotes":""},"categories":[2],"tags":[],"class_list":["post-58734","post","type-post","status-publish","format-standard","has-post-thumbnail","hentry","category-blog"],"_links":{"self":[{"href":"https:\/\/inces.gob.ve\/index.php\/wp-json\/wp\/v2\/posts\/58734","targetHints":{"allow":["GET"]}}],"collection":[{"href":"https:\/\/inces.gob.ve\/index.php\/wp-json\/wp\/v2\/posts"}],"about":[{"href":"https:\/\/inces.gob.ve\/index.php\/wp-json\/wp\/v2\/types\/post"}],"author":[{"embeddable":true,"href":"https:\/\/inces.gob.ve\/index.php\/wp-json\/wp\/v2\/users\/4"}],"replies":[{"embeddable":true,"href":"https:\/\/inces.gob.ve\/index.php\/wp-json\/wp\/v2\/comments?post=58734"}],"version-history":[{"count":1,"href":"https:\/\/inces.gob.ve\/index.php\/wp-json\/wp\/v2\/posts\/58734\/revisions"}],"predecessor-version":[{"id":58735,"href":"https:\/\/inces.gob.ve\/index.php\/wp-json\/wp\/v2\/posts\/58734\/revisions\/58735"}],"wp:featuredmedia":[{"embeddable":true,"href":"https:\/\/inces.gob.ve\/index.php\/wp-json\/wp\/v2\/media\/41343"}],"wp:attachment":[{"href":"https:\/\/inces.gob.ve\/index.php\/wp-json\/wp\/v2\/media?parent=58734"}],"wp:term":[{"taxonomy":"category","embeddable":true,"href":"https:\/\/inces.gob.ve\/index.php\/wp-json\/wp\/v2\/categories?post=58734"},{"taxonomy":"post_tag","embeddable":true,"href":"https:\/\/inces.gob.ve\/index.php\/wp-json\/wp\/v2\/tags?post=58734"}],"curies":[{"name":"wp","href":"https:\/\/api.w.org\/{rel}","templated":true}]}}