{"id":58779,"date":"2024-06-06T14:18:04","date_gmt":"2024-06-06T18:18:04","guid":{"rendered":"https:\/\/inces.gob.ve\/?p=58779"},"modified":"2024-06-17T14:23:07","modified_gmt":"2024-06-17T18:23:07","slug":"aragua-el-inces-destaco-la-importancia-de-no-fumar","status":"publish","type":"post","link":"https:\/\/inces.gob.ve\/index.php\/2024\/06\/06\/aragua-el-inces-destaco-la-importancia-de-no-fumar\/","title":{"rendered":"ARAGUA | El Inces destac\u00f3 la importancia de no fumar"},"content":{"rendered":"<div dir=\"auto\" style=\"text-align: justify;\"><span style=\"font-family: helvetica, arial, sans-serif; font-size: 14pt;\"><em><strong>** Desde el auditorio Sim\u00f3n Bol\u00edvar se realiz\u00f3 una Charla para vislumbrar los efectos nocivos de \u00e9ste vicio en la sociedad\u00a0<\/strong><\/em><\/span><\/div>\n<p style=\"text-align: justify;\"><span style=\"font-family: helvetica, arial, sans-serif; font-size: 14pt;\"><!--more--><\/span><\/p>\n<div dir=\"auto\" style=\"text-align: justify;\"><\/div>\n<div dir=\"auto\" style=\"text-align: justify;\"><\/div>\n<div dir=\"auto\" style=\"text-align: justify;\"><span style=\"font-family: helvetica, arial, sans-serif; font-size: 14pt;\"><strong>NINOSKA PATRIZ<\/strong><\/span><\/div>\n<div dir=\"auto\" style=\"text-align: justify;\"><\/div>\n<div dir=\"auto\" style=\"text-align: justify;\"><span style=\"font-family: helvetica, arial, sans-serif; font-size: 14pt;\">\u00abSeg\u00fan informaci\u00f3n de la Organizaci\u00f3n Mundial de la Salud (OMS) 2024, cada a\u00f1o fallecen aproximadamente 6 millones de personas como consecuencia del tabaquismo, siendo una de las principales causas de c\u00e1ncer de pulm\u00f3n, cavidad oral, faringe y laringe.<\/span><\/div>\n<div dir=\"auto\"><\/div>\n<div dir=\"auto\" style=\"text-align: justify;\"><\/div>\n<div dir=\"auto\" style=\"text-align: justify;\"><span style=\"font-family: helvetica, arial, sans-serif; font-size: 14pt;\">Por tal motivo surgi\u00f3 la iniciativa para llevar adelante la presente charla en contra de este vicio\u00bb, destac\u00f3 al inicio de la actividad la jefa de la coordinaci\u00f3n Cultura Deporte y Recreaci\u00f3n y Participaci\u00f3n comunal, Lic. Adela Ram\u00edrez.<\/span><\/div>\n<div dir=\"auto\"><\/div>\n<div dir=\"auto\" style=\"text-align: justify;\"><\/div>\n<div dir=\"auto\" style=\"text-align: justify;\"><span style=\"font-family: helvetica, arial, sans-serif; font-size: 14pt;\">De este modo, contando con la ponente Lic. Yexaira Morales, los presentes recibieron con agrado las orientaciones de esta charla preventiva con recorrido visual de impacto y sencillos contenidos de vital relevancia en torno al tema: \u00abD\u00eda Mundial sin Tabaco\u00bb, e intercambiaron dudas y preguntas con la Ponente.<\/span><\/div>\n<div dir=\"auto\"><\/div>\n<div dir=\"auto\" style=\"text-align: justify;\"><\/div>\n<div dir=\"auto\" style=\"text-align: justify;\"><span style=\"font-family: helvetica, arial, sans-serif; font-size: 14pt;\">En \u00e9sta oportunidad, junto a los trabajadores y trabajadoras Inces estuvieron presentes el Cuerpo de Bomberos del Estado Aragua, estudiantes de la UNES.<\/span><\/div>\n<div dir=\"auto\"><\/div>\n<div dir=\"auto\" style=\"text-align: justify;\"><\/div>\n<div dir=\"auto\" style=\"text-align: justify;\"><span style=\"font-family: helvetica, arial, sans-serif; font-size: 14pt;\">Del mismo modo, se resaltaron los beneficios de dejar de fumar casi inmediatos se mencion\u00f3 que:\u00a0<\/span><\/div>\n<div dir=\"auto\"><\/div>\n<div dir=\"auto\" style=\"text-align: justify;\"><span style=\"font-family: helvetica, arial, sans-serif; font-size: 14pt;\"><img decoding=\"async\" class=\"an1\" draggable=\"false\" src=\"https:\/\/fonts.gstatic.com\/s\/e\/notoemoji\/15.0\/1f4cc\/32.png\" alt=\"\ud83d\udccc\" data-emoji=\"\ud83d\udccc\" aria-label=\"\ud83d\udccc\" \/>A los 20 minutos disminuye la frecuencia card\u00edaca.<\/span><\/div>\n<div dir=\"auto\" style=\"text-align: justify;\"><span style=\"font-family: helvetica, arial, sans-serif; font-size: 14pt;\">\u00a0<img decoding=\"async\" class=\"an1\" draggable=\"false\" src=\"https:\/\/fonts.gstatic.com\/s\/e\/notoemoji\/15.0\/1f4cc\/32.png\" alt=\"\ud83d\udccc\" data-emoji=\"\ud83d\udccc\" aria-label=\"\ud83d\udccc\" \/>A las 12 horas, las concentraciones de mon\u00f3xido de carbono en la sangre vuelven a la normalidad.<\/span><\/div>\n<div dir=\"auto\" style=\"text-align: justify;\"><span style=\"font-family: helvetica, arial, sans-serif; font-size: 14pt;\">\u00a0<img decoding=\"async\" class=\"an1\" draggable=\"false\" src=\"https:\/\/fonts.gstatic.com\/s\/e\/notoemoji\/15.0\/1f4cc\/32.png\" alt=\"\ud83d\udccc\" data-emoji=\"\ud83d\udccc\" aria-label=\"\ud83d\udccc\" \/>Entre la segunda semana y los tres meses, la circulaci\u00f3n y la funci\u00f3n pulmonar mejoran.<\/span><\/div>\n<div dir=\"auto\"><\/div>\n<div dir=\"auto\" style=\"text-align: justify;\"><\/div>\n<div dir=\"auto\" style=\"text-align: justify;\"><span style=\"font-family: helvetica, arial, sans-serif; font-size: 14pt;\">El cuerpo tiende a recuperarse de los graves efectos que la Nicotina tiene en cada \u00f3rgano con un cambio en los h\u00e1bitos alimenticios y de vida. Sin embargo, a menudo se debe lidiar contra los s\u00edntomas de abstinencia como por ejemplo: Irritaci\u00f3n, inquietud, resequedad en la boca y sensaci\u00f3n de hambre. Para ello se recomienda hacer ejercicio al aire libre y buscar actividades de distracci\u00f3n sana\u00bb, afirm\u00f3 la ponente.<\/span><\/div>\n<div dir=\"auto\"><\/div>\n<div dir=\"auto\" style=\"text-align: justify;\"><\/div>\n<div dir=\"auto\" style=\"text-align: justify;\"><span style=\"font-family: helvetica, arial, sans-serif; font-size: 14pt;\">\u00abDeseo agradecer la presencia de todos y destacar la importancia de este d\u00eda para promover un mundo m\u00e1s saludable, ya que las enfermedades por tabaquismo son la causa de muerte prevenible m\u00e1s com\u00fan\u00bb, coment\u00f3 al cierre de la charla la gerente Inces Regi\u00f3n Aragua, Yelitza Rodr\u00edguez, quien tambi\u00e9n estuvo presente.<\/span><\/div>\n","protected":false},"excerpt":{"rendered":"<p>** Desde el auditorio Sim\u00f3n Bol\u00edvar se realiz\u00f3 una Charla para vislumbrar los efectos nocivos de \u00e9ste vicio en la sociedad\u00a0<\/p>\n","protected":false},"author":4,"featured_media":58780,"comment_status":"closed","ping_status":"closed","sticky":false,"template":"","format":"standard","meta":{"footnotes":""},"categories":[2],"tags":[],"class_list":["post-58779","post","type-post","status-publish","format-standard","has-post-thumbnail","hentry","category-blog"],"_links":{"self":[{"href":"https:\/\/inces.gob.ve\/index.php\/wp-json\/wp\/v2\/posts\/58779","targetHints":{"allow":["GET"]}}],"collection":[{"href":"https:\/\/inces.gob.ve\/index.php\/wp-json\/wp\/v2\/posts"}],"about":[{"href":"https:\/\/inces.gob.ve\/index.php\/wp-json\/wp\/v2\/types\/post"}],"author":[{"embeddable":true,"href":"https:\/\/inces.gob.ve\/index.php\/wp-json\/wp\/v2\/users\/4"}],"replies":[{"embeddable":true,"href":"https:\/\/inces.gob.ve\/index.php\/wp-json\/wp\/v2\/comments?post=58779"}],"version-history":[{"count":1,"href":"https:\/\/inces.gob.ve\/index.php\/wp-json\/wp\/v2\/posts\/58779\/revisions"}],"predecessor-version":[{"id":58781,"href":"https:\/\/inces.gob.ve\/index.php\/wp-json\/wp\/v2\/posts\/58779\/revisions\/58781"}],"wp:featuredmedia":[{"embeddable":true,"href":"https:\/\/inces.gob.ve\/index.php\/wp-json\/wp\/v2\/media\/58780"}],"wp:attachment":[{"href":"https:\/\/inces.gob.ve\/index.php\/wp-json\/wp\/v2\/media?parent=58779"}],"wp:term":[{"taxonomy":"category","embeddable":true,"href":"https:\/\/inces.gob.ve\/index.php\/wp-json\/wp\/v2\/categories?post=58779"},{"taxonomy":"post_tag","embeddable":true,"href":"https:\/\/inces.gob.ve\/index.php\/wp-json\/wp\/v2\/tags?post=58779"}],"curies":[{"name":"wp","href":"https:\/\/api.w.org\/{rel}","templated":true}]}}