{"id":58785,"date":"2024-06-14T14:32:08","date_gmt":"2024-06-14T18:32:08","guid":{"rendered":"https:\/\/inces.gob.ve\/?p=58785"},"modified":"2024-06-17T14:34:51","modified_gmt":"2024-06-17T18:34:51","slug":"aragua-el-inces-participo-en-la-expoferia-de-oportunidades-de-estudio-2024","status":"publish","type":"post","link":"https:\/\/inces.gob.ve\/index.php\/2024\/06\/14\/aragua-el-inces-participo-en-la-expoferia-de-oportunidades-de-estudio-2024\/","title":{"rendered":"ARAGUA | El Inces particip\u00f3 en la Expoferia de Oportunidades de Estudio 2024"},"content":{"rendered":"<div dir=\"auto\" style=\"text-align: justify;\"><\/div>\n<div dir=\"auto\" style=\"text-align: justify;\"><em><strong><span style=\"font-family: helvetica, arial, sans-serif; font-size: 14pt;\">** \u00a1Joven inicia tu formaci\u00f3n t\u00e9cnica de calidad! \u00a1Aprende la t\u00e9cnica! Y #F\u00f3rmateEnElInces<\/span><\/strong><\/em><\/div>\n<p><!--more--><\/p>\n<div dir=\"auto\"><\/div>\n<div dir=\"auto\"><\/div>\n<div dir=\"auto\" style=\"text-align: justify;\"><\/div>\n<div dir=\"auto\" style=\"text-align: justify;\"><strong><span style=\"font-family: helvetica, arial, sans-serif; font-size: 14pt;\">NINOSKA PATRIZ<\/span><\/strong><\/div>\n<div dir=\"auto\" style=\"text-align: justify;\"><\/div>\n<div dir=\"auto\" style=\"text-align: justify;\"><span style=\"font-family: helvetica, arial, sans-serif; font-size: 14pt;\">Con gran \u00e1nimo, el equipo de trabajo de la Gerencia Regional, Mesa Curricular y Encadenamiento Productivo, Inces Regi\u00f3n Aragua se diO cita en la Expoferia de Oportunidades de Estudio 2024. Durante este despliegue, impulsado por el Ministerio para la Educaci\u00f3n Universitaria y el Ministerio para la Educaci\u00f3n, particip\u00f3 la comunidad educativa, futuros bachilleres, representantes de las universidades nacional; la gobernadora de la entidad, Karina Carpio y la ministra de Educaci\u00f3n, Yelitze Santaella.<\/span><\/div>\n<div dir=\"auto\"><\/div>\n<div dir=\"auto\" style=\"text-align: justify;\"><\/div>\n<div dir=\"auto\" style=\"text-align: justify;\"><span style=\"font-family: helvetica, arial, sans-serif; font-size: 14pt;\">Esta jornada estuvo dirigida a los estudiantes de las instituciones diversificadas de la regi\u00f3n, promoviendo como siempre el registro de estudiantes en el Sistema Nacional de Ingreso (SNI). El objetivo fijado es\u00a0 preparar profesionales altamente capacitados y comprometidos con la naci\u00f3n, empoderando los motores productivos de la Agenda Econ\u00f3mica Bolivariana, con el acompa\u00f1amiento de una representaci\u00f3n de diferentes ambientes, institutos, colegios, liceos y escuelas de la zona. Durante la misma, se llev\u00f3 a cabo la promoci\u00f3n de la gran cantidad formaciones presenciales, programas y plataformas virtuales disponibles.\u00a0<\/span><\/div>\n<div dir=\"auto\"><\/div>\n<div dir=\"auto\" style=\"text-align: justify;\"><\/div>\n<div dir=\"auto\" style=\"text-align: justify;\"><strong><span style=\"font-family: helvetica, arial, sans-serif; font-size: 14pt;\">Entre alianzas<\/span><\/strong><\/div>\n<div dir=\"auto\" style=\"text-align: justify;\"><span style=\"font-family: helvetica, arial, sans-serif; font-size: 14pt;\">En la jornada de trabajo se establecieron acuerdos de formaci\u00f3n orientados a los estudiantes del liceo Agust\u00edn Codazzi, casa de estudio anfitriona del evento en esta oportunidad. La misma se encuentra ubicada en el municipio Girardot, del estado Aragua y fue vitrina para los per\u00edodos productivos y laborales, con acompa\u00f1amiento del sector empresarial.<\/span><\/div>\n<div dir=\"auto\" style=\"text-align: justify;\"><\/div>\n<div dir=\"auto\" style=\"text-align: justify;\"><span style=\"font-family: helvetica, arial, sans-serif; font-size: 14pt;\">Al mismo tiempo se realiz\u00f3 una invitaci\u00f3n a conocer las Formaciones virtuales disponibles por Campus virtual y Convenio con Telef\u00f3nica y Plataforma Venezuela Mujer, recordando las bondades del Programa Bachillerato Productivo y Programa Nacional de Aprendizaje como ejes Formativos Productivo en la incorporaci\u00f3n de los j\u00f3venes y no tan j\u00f3venes al proceso social econ\u00f3mico del pa\u00eds. <\/span><\/div>\n","protected":false},"excerpt":{"rendered":"<p>** \u00a1Joven inicia tu formaci\u00f3n t\u00e9cnica de calidad! \u00a1Aprende la t\u00e9cnica! Y #F\u00f3rmateEnElInces<\/p>\n","protected":false},"author":4,"featured_media":58786,"comment_status":"closed","ping_status":"closed","sticky":false,"template":"","format":"standard","meta":{"footnotes":""},"categories":[2],"tags":[],"class_list":["post-58785","post","type-post","status-publish","format-standard","has-post-thumbnail","hentry","category-blog"],"_links":{"self":[{"href":"https:\/\/inces.gob.ve\/index.php\/wp-json\/wp\/v2\/posts\/58785","targetHints":{"allow":["GET"]}}],"collection":[{"href":"https:\/\/inces.gob.ve\/index.php\/wp-json\/wp\/v2\/posts"}],"about":[{"href":"https:\/\/inces.gob.ve\/index.php\/wp-json\/wp\/v2\/types\/post"}],"author":[{"embeddable":true,"href":"https:\/\/inces.gob.ve\/index.php\/wp-json\/wp\/v2\/users\/4"}],"replies":[{"embeddable":true,"href":"https:\/\/inces.gob.ve\/index.php\/wp-json\/wp\/v2\/comments?post=58785"}],"version-history":[{"count":1,"href":"https:\/\/inces.gob.ve\/index.php\/wp-json\/wp\/v2\/posts\/58785\/revisions"}],"predecessor-version":[{"id":58787,"href":"https:\/\/inces.gob.ve\/index.php\/wp-json\/wp\/v2\/posts\/58785\/revisions\/58787"}],"wp:featuredmedia":[{"embeddable":true,"href":"https:\/\/inces.gob.ve\/index.php\/wp-json\/wp\/v2\/media\/58786"}],"wp:attachment":[{"href":"https:\/\/inces.gob.ve\/index.php\/wp-json\/wp\/v2\/media?parent=58785"}],"wp:term":[{"taxonomy":"category","embeddable":true,"href":"https:\/\/inces.gob.ve\/index.php\/wp-json\/wp\/v2\/categories?post=58785"},{"taxonomy":"post_tag","embeddable":true,"href":"https:\/\/inces.gob.ve\/index.php\/wp-json\/wp\/v2\/tags?post=58785"}],"curies":[{"name":"wp","href":"https:\/\/api.w.org\/{rel}","templated":true}]}}