{"id":58791,"date":"2024-06-17T14:41:20","date_gmt":"2024-06-17T18:41:20","guid":{"rendered":"https:\/\/inces.gob.ve\/?p=58791"},"modified":"2024-06-17T14:41:36","modified_gmt":"2024-06-17T18:41:36","slug":"trujillo-el-inces-avanza-con-la-formacion-tecnica-profesional","status":"publish","type":"post","link":"https:\/\/inces.gob.ve\/index.php\/2024\/06\/17\/trujillo-el-inces-avanza-con-la-formacion-tecnica-profesional\/","title":{"rendered":"TRUJILLO  | El Inces avanza con la formaci\u00f3n t\u00e9cnica profesional"},"content":{"rendered":"<p style=\"text-align: justify;\"><em><strong><span style=\"font-family: helvetica, arial, sans-serif; font-size: 14pt;\">** En el Complejo Cultural del municipio Escuque, el Instituto Nacional de Capacitaci\u00f3n y Educaci\u00f3n Socialista (Inces) abri\u00f3 la formaci\u00f3n t\u00e9cnica profesional de la Unidad Curricular de Panader\u00eda, con la atenci\u00f3n de 20 f\u00e9minas participantes<\/span><\/strong><\/em><!--more--><\/p>\n<p>&nbsp;<\/p>\n<p style=\"text-align: justify;\"><span style=\"font-family: helvetica, arial, sans-serif; font-size: 14pt;\">El maestro t\u00e9cnico productivo Pedro Pirela es el encargado de brindar los conocimientos necesarios para la formaci\u00f3n de panaderos profesionales. Durante esta capacitaci\u00f3n, las participantes aprender\u00e1n las t\u00e9cnicas de amasado, fermentaci\u00f3n, horneado y decoraci\u00f3n de panes. Adem\u00e1s, recibir\u00e1n instrucciones sobre la selecci\u00f3n de ingredientes de alta calidad y la importancia de la higiene en un entorno de panader\u00eda.<\/span><\/p>\n<p>&nbsp;<\/p>\n<p style=\"text-align: justify;\"><span style=\"font-family: helvetica, arial, sans-serif; font-size: 14pt;\">Este proceso formativo se apertura en el municipio Escuque para brindar atenci\u00f3n a las f\u00e9minas apasionadas por el arte de la panader\u00eda en el marco de la Gran Misi\u00f3n Venezuela Mujer fortaleciendo as\u00ed el v\u00e9rtice 2 \u201cEducaci\u00f3n para el empoderamiento de la Mujer\u201d. En este sentido, desde la tierra de nubes se promueve la excelencia en la producci\u00f3n del pan fomentando el amor y gusto por este alimento.<\/span><\/p>\n<p>&nbsp;<\/p>\n<p style=\"text-align: justify;\"><span style=\"font-family: helvetica, arial, sans-serif; font-size: 14pt;\">As\u00ed pues, en el complejo cultural se aprecia entre las participantes y maestro t\u00e9cnico la emoci\u00f3n, alegr\u00eda por comenzar este viaje hacia el descubrimiento del arte de la panader\u00eda que los conducir\u00e1 a consolidar las habilidades con t\u00e9cnicas proyectadas especializarse como panaderas reconocidas.<\/span><\/p>\n<p style=\"text-align: justify;\"><span style=\"font-family: helvetica, arial, sans-serif; font-size: 14pt;\">El llamado es a todas las interesadas e interesados en este bello arte dirigirse al Centro de Formaci\u00f3n Socialista Al\u00ed Primera ubicado en la urbanizaci\u00f3n Mirabel, sector Plata I, diagonal al terminal de pasajeros para obtener mayor informaci\u00f3n.\u00a0<\/span><\/p>\n","protected":false},"excerpt":{"rendered":"<p>** En el Complejo Cultural del municipio Escuque, el Instituto Nacional de Capacitaci\u00f3n y Educaci\u00f3n Socialista (Inces) abri\u00f3 la formaci\u00f3n t\u00e9cnica profesional de la Unidad Curricular de Panader\u00eda, con la atenci\u00f3n de 20 f\u00e9minas participantes<\/p>\n","protected":false},"author":4,"featured_media":58792,"comment_status":"closed","ping_status":"closed","sticky":false,"template":"","format":"standard","meta":{"footnotes":""},"categories":[2],"tags":[],"class_list":["post-58791","post","type-post","status-publish","format-standard","has-post-thumbnail","hentry","category-blog"],"_links":{"self":[{"href":"https:\/\/inces.gob.ve\/index.php\/wp-json\/wp\/v2\/posts\/58791","targetHints":{"allow":["GET"]}}],"collection":[{"href":"https:\/\/inces.gob.ve\/index.php\/wp-json\/wp\/v2\/posts"}],"about":[{"href":"https:\/\/inces.gob.ve\/index.php\/wp-json\/wp\/v2\/types\/post"}],"author":[{"embeddable":true,"href":"https:\/\/inces.gob.ve\/index.php\/wp-json\/wp\/v2\/users\/4"}],"replies":[{"embeddable":true,"href":"https:\/\/inces.gob.ve\/index.php\/wp-json\/wp\/v2\/comments?post=58791"}],"version-history":[{"count":2,"href":"https:\/\/inces.gob.ve\/index.php\/wp-json\/wp\/v2\/posts\/58791\/revisions"}],"predecessor-version":[{"id":58794,"href":"https:\/\/inces.gob.ve\/index.php\/wp-json\/wp\/v2\/posts\/58791\/revisions\/58794"}],"wp:featuredmedia":[{"embeddable":true,"href":"https:\/\/inces.gob.ve\/index.php\/wp-json\/wp\/v2\/media\/58792"}],"wp:attachment":[{"href":"https:\/\/inces.gob.ve\/index.php\/wp-json\/wp\/v2\/media?parent=58791"}],"wp:term":[{"taxonomy":"category","embeddable":true,"href":"https:\/\/inces.gob.ve\/index.php\/wp-json\/wp\/v2\/categories?post=58791"},{"taxonomy":"post_tag","embeddable":true,"href":"https:\/\/inces.gob.ve\/index.php\/wp-json\/wp\/v2\/tags?post=58791"}],"curies":[{"name":"wp","href":"https:\/\/api.w.org\/{rel}","templated":true}]}}