{"id":58804,"date":"2024-06-18T08:46:20","date_gmt":"2024-06-18T12:46:20","guid":{"rendered":"https:\/\/inces.gob.ve\/?p=58804"},"modified":"2024-06-18T08:46:20","modified_gmt":"2024-06-18T12:46:20","slug":"aragua-inces-construccion-realizo-mantenimiento-general-a-sus-calderas","status":"publish","type":"post","link":"https:\/\/inces.gob.ve\/index.php\/2024\/06\/18\/aragua-inces-construccion-realizo-mantenimiento-general-a-sus-calderas\/","title":{"rendered":"ARAGUA | Inces Construcci\u00f3n realiz\u00f3 mantenimiento general a sus calderas"},"content":{"rendered":"<div class=\"aju\" style=\"text-align: justify;\"><\/div>\n<div class=\"gs\">\n<div id=\":8n\" style=\"text-align: justify;\">\n<div class=\"wl4W9b\"><em><strong><span style=\"font-family: helvetica, arial, sans-serif; font-size: 14pt;\">** Es esencial implementar el mantenimiento correctivo y preventivo riguroso para garantizar el funcionamiento y prolongar la vida \u00fatil de las calderas<\/span><\/strong><\/em><\/div>\n<\/div>\n<div><\/div>\n<\/div>\n<p><!--more--><\/p>\n<div><\/div>\n<div class=\"gs\">\n<div class=\"\">\n<div id=\":dl\" class=\"ii gt\">\n<div id=\":dm\" class=\"a3s aiL \">\n<div dir=\"auto\">\n<div dir=\"auto\" style=\"text-align: justify;\"><\/div>\n<div dir=\"auto\" style=\"text-align: justify;\"><\/div>\n<div dir=\"auto\" style=\"text-align: justify;\"><strong><span style=\"font-family: helvetica, arial, sans-serif; font-size: 14pt;\">ANA RODR\u00cdGUEZ<\/span><\/strong><\/div>\n<div dir=\"auto\" style=\"text-align: justify;\"><\/div>\n<div dir=\"auto\" style=\"text-align: justify;\"><span style=\"font-family: helvetica, arial, sans-serif; font-size: 14pt;\">El maestro t\u00e9cnico productivo (MTP) Robert Aguirre destac\u00f3 que como parte del programa Operador de Calderas se realizan pr\u00e1cticas de mantenimiento con el objetivo de capacitar a los participantes para llevar a cabo estas labores.\u00a0<\/span><\/div>\n<div dir=\"auto\" style=\"text-align: justify;\"><\/div>\n<div dir=\"auto\" style=\"text-align: justify;\"><\/div>\n<div dir=\"auto\" style=\"text-align: justify;\"><span style=\"font-family: helvetica, arial, sans-serif; font-size: 14pt;\">En el mismo orden de ideas el MTP Edgar C\u00f3rdova enfatiz\u00f3 que los participantes del Programa est\u00e1n debidamente capacitados y conocen las medidas de higiene y seguridad\u00a0 industrial necesarias, como el uso de guantes, botas, cascos, delantales y tapabocas para prevenir cualquier riesgo al momento de estar realizando un mantenimiento.<\/span><\/div>\n<div dir=\"auto\"><\/div>\n<div dir=\"auto\" style=\"text-align: justify;\"><\/div>\n<div dir=\"auto\" style=\"text-align: justify;\"><span style=\"font-family: helvetica, arial, sans-serif; font-size: 14pt;\">Ambos maestros resaltaron la importancia de mantener un registro detallado de todas las actividades de mantenimiento preventivo, incluyendo fechas de inspecci\u00f3n, resultados, acciones tomadas y piezas reemplazadas. Estos registros son fundamentales para el seguimiento y planificaci\u00f3n de futuros mantenimientos.<\/span><\/div>\n<div dir=\"auto\"><\/div>\n<div dir=\"auto\" style=\"text-align: justify;\"><\/div>\n<div dir=\"auto\" style=\"text-align: justify;\"><span style=\"font-family: helvetica, arial, sans-serif; font-size: 14pt;\">Por otro lado, el Jefe del Centro de Formaci\u00f3n Socialista, Henrry Gil, mencion\u00f3 que los participantes que se forman como operadores de Calderas reciben certificaci\u00f3n como profesionales cualificados en el \u00e1rea al completar el programa.<\/span><\/div>\n<\/div>\n<\/div>\n<\/div>\n<\/div>\n<\/div>\n","protected":false},"excerpt":{"rendered":"<p>** Es esencial implementar el mantenimiento correctivo y preventivo riguroso para garantizar el funcionamiento y prolongar la vida \u00fatil de las calderas<\/p>\n","protected":false},"author":4,"featured_media":58805,"comment_status":"closed","ping_status":"closed","sticky":false,"template":"","format":"standard","meta":{"footnotes":""},"categories":[2],"tags":[],"class_list":["post-58804","post","type-post","status-publish","format-standard","has-post-thumbnail","hentry","category-blog"],"_links":{"self":[{"href":"https:\/\/inces.gob.ve\/index.php\/wp-json\/wp\/v2\/posts\/58804","targetHints":{"allow":["GET"]}}],"collection":[{"href":"https:\/\/inces.gob.ve\/index.php\/wp-json\/wp\/v2\/posts"}],"about":[{"href":"https:\/\/inces.gob.ve\/index.php\/wp-json\/wp\/v2\/types\/post"}],"author":[{"embeddable":true,"href":"https:\/\/inces.gob.ve\/index.php\/wp-json\/wp\/v2\/users\/4"}],"replies":[{"embeddable":true,"href":"https:\/\/inces.gob.ve\/index.php\/wp-json\/wp\/v2\/comments?post=58804"}],"version-history":[{"count":1,"href":"https:\/\/inces.gob.ve\/index.php\/wp-json\/wp\/v2\/posts\/58804\/revisions"}],"predecessor-version":[{"id":58806,"href":"https:\/\/inces.gob.ve\/index.php\/wp-json\/wp\/v2\/posts\/58804\/revisions\/58806"}],"wp:featuredmedia":[{"embeddable":true,"href":"https:\/\/inces.gob.ve\/index.php\/wp-json\/wp\/v2\/media\/58805"}],"wp:attachment":[{"href":"https:\/\/inces.gob.ve\/index.php\/wp-json\/wp\/v2\/media?parent=58804"}],"wp:term":[{"taxonomy":"category","embeddable":true,"href":"https:\/\/inces.gob.ve\/index.php\/wp-json\/wp\/v2\/categories?post=58804"},{"taxonomy":"post_tag","embeddable":true,"href":"https:\/\/inces.gob.ve\/index.php\/wp-json\/wp\/v2\/tags?post=58804"}],"curies":[{"name":"wp","href":"https:\/\/api.w.org\/{rel}","templated":true}]}}