{"id":58817,"date":"2024-06-18T13:36:29","date_gmt":"2024-06-18T17:36:29","guid":{"rendered":"https:\/\/inces.gob.ve\/?p=58817"},"modified":"2024-06-18T13:36:29","modified_gmt":"2024-06-18T17:36:29","slug":"amazonas-jovenes-estudiantes-universitarios-se-forman-en-el-inces","status":"publish","type":"post","link":"https:\/\/inces.gob.ve\/index.php\/2024\/06\/18\/amazonas-jovenes-estudiantes-universitarios-se-forman-en-el-inces\/","title":{"rendered":"AMAZONAS | J\u00f3venes estudiantes universitarios se forman en el Inces"},"content":{"rendered":"<p style=\"text-align: justify;\"><em><strong><span style=\"font-family: helvetica, arial, sans-serif; font-size: 14pt;\">** Estudiantes de la salud en Amazonas se forman con el Inces, formaci\u00f3n que les servir\u00e1 de base para el desempe\u00f1o de sus carreras<\/span><\/strong><\/em><!--more--><\/p>\n<p>&nbsp;<\/p>\n<p style=\"text-align: justify;\">\n<p style=\"text-align: justify;\"><strong><span style=\"font-family: helvetica, arial, sans-serif; font-size: 14pt;\">FELIX RUIZ<\/span><\/strong><\/p>\n<p style=\"text-align: justify;\"><span style=\"font-family: helvetica, arial, sans-serif; font-size: 14pt;\">Con el objetivo de continuar con la formaci\u00f3n y autoformaci\u00f3n colectiva, integral, continua y permanente, 26 j\u00f3venes pertenecientes a la Universidad de las Ciencias de la Salud \u201cHugo Ch\u00e1vez Fr\u00edas\u201d, se forman en las nuevas unidades curriculares Primeros Auxilios y \u00c9tica para la Vida, en las cuales se desarrollan contenidos tanto te\u00f3ricos como pr\u00e1cticos.<\/span><\/p>\n<p style=\"text-align: justify;\">\n<p style=\"text-align: justify;\"><span style=\"font-family: helvetica, arial, sans-serif; font-size: 14pt;\">La nueva unidad curricular Primeros Auxilios busca formar a los participantes con las t\u00e9cnicas b\u00e1sicas necesarias para dar respuesta oportuna e inmediata ante emergencias, riesgos o desastres que tenga como resultado lesionados, esto con el objetivo de no complicar lesiones, heridas o enfermedades, antes de ser atendido por un profesional en emergencias m\u00e9dica.<\/span><\/p>\n<p style=\"text-align: justify;\">\n<p style=\"text-align: justify;\"><span style=\"font-family: helvetica, arial, sans-serif; font-size: 14pt;\">Su fin es generar en cada entidad de trabajo o de formaci\u00f3n, personal con competencias en el \u00e1rea de primeros auxilios, a los fines de poder dar respuesta inmediata ante cualquier situaci\u00f3n.<\/span><\/p>\n<p style=\"text-align: justify;\">\n<p style=\"text-align: justify;\"><span style=\"font-family: helvetica, arial, sans-serif; font-size: 14pt;\">En cuanto al contenido program\u00e1tico se destacan los siguientes temas:\u00a0anatom\u00eda, signos vitales, heridas, hemorragias, quemaduras, esguinces, luxaciones y fracturas, vendajes e inmovilizaciones, reanimaci\u00f3n cardiopulmonar (RCP) entre otros puntos importantes para manipular al lesionado, el mismo tiene una duraci\u00f3n de 45 horas.\u00a0<\/span><\/p>\n<p style=\"text-align: justify;\">\n<p style=\"text-align: justify;\"><span style=\"font-family: helvetica, arial, sans-serif; font-size: 14pt;\">Por su parte, la unidad curricular de \u00e9tica para la vida forma a los participantes con los conocimientos, habilidades, destrezas y competencias necesarias para promover los valores y principios que se requieren para entender y dar respuesta a los acontecimientos que se presenten bajo los par\u00e1metros \u00e9ticos, teniendo como marco el entorno personal, familiar, laboral y comunitario, siguiendo los procedimientos t\u00e9cnicos establecidos, normativas y reglamentos los cuales juegan un papel importante en el desarrollo del ser humano y en la convivencia social el cual tiene una duraci\u00f3n de 40 horas.<\/span><\/p>\n<p>&nbsp;<\/p>\n<p style=\"text-align: justify;\"><span style=\"font-family: helvetica, arial, sans-serif; font-size: 14pt;\">Ambas formaciones contribuyen al desarrollo del conocimiento de los j\u00f3venes estudiantes universitarios de la salud y son impartidas por el maestro t\u00e9cnico productivo (MTP) Vicente Silva, realizada en espacio de la Universidad de las Ciencias de la Salud \u201cHugo Ch\u00e1vez Fr\u00edas\u201d, ubicada en Puerto Ayacucho, estado Amazonas.<\/span><\/p>\n","protected":false},"excerpt":{"rendered":"<p>** Estudiantes de la salud en Amazonas se forman con el Inces, formaci\u00f3n que les servir\u00e1 de base para el desempe\u00f1o de sus carreras<\/p>\n","protected":false},"author":4,"featured_media":53750,"comment_status":"closed","ping_status":"closed","sticky":false,"template":"","format":"standard","meta":{"footnotes":""},"categories":[2],"tags":[],"class_list":["post-58817","post","type-post","status-publish","format-standard","has-post-thumbnail","hentry","category-blog"],"_links":{"self":[{"href":"https:\/\/inces.gob.ve\/index.php\/wp-json\/wp\/v2\/posts\/58817","targetHints":{"allow":["GET"]}}],"collection":[{"href":"https:\/\/inces.gob.ve\/index.php\/wp-json\/wp\/v2\/posts"}],"about":[{"href":"https:\/\/inces.gob.ve\/index.php\/wp-json\/wp\/v2\/types\/post"}],"author":[{"embeddable":true,"href":"https:\/\/inces.gob.ve\/index.php\/wp-json\/wp\/v2\/users\/4"}],"replies":[{"embeddable":true,"href":"https:\/\/inces.gob.ve\/index.php\/wp-json\/wp\/v2\/comments?post=58817"}],"version-history":[{"count":1,"href":"https:\/\/inces.gob.ve\/index.php\/wp-json\/wp\/v2\/posts\/58817\/revisions"}],"predecessor-version":[{"id":58818,"href":"https:\/\/inces.gob.ve\/index.php\/wp-json\/wp\/v2\/posts\/58817\/revisions\/58818"}],"wp:featuredmedia":[{"embeddable":true,"href":"https:\/\/inces.gob.ve\/index.php\/wp-json\/wp\/v2\/media\/53750"}],"wp:attachment":[{"href":"https:\/\/inces.gob.ve\/index.php\/wp-json\/wp\/v2\/media?parent=58817"}],"wp:term":[{"taxonomy":"category","embeddable":true,"href":"https:\/\/inces.gob.ve\/index.php\/wp-json\/wp\/v2\/categories?post=58817"},{"taxonomy":"post_tag","embeddable":true,"href":"https:\/\/inces.gob.ve\/index.php\/wp-json\/wp\/v2\/tags?post=58817"}],"curies":[{"name":"wp","href":"https:\/\/api.w.org\/{rel}","templated":true}]}}