{"id":58844,"date":"2024-06-20T11:47:14","date_gmt":"2024-06-20T15:47:14","guid":{"rendered":"https:\/\/inces.gob.ve\/?p=58844"},"modified":"2024-06-21T12:02:29","modified_gmt":"2024-06-21T16:02:29","slug":"portuguesa-inces-presente-en-la-expo-paez-2024","status":"publish","type":"post","link":"https:\/\/inces.gob.ve\/index.php\/2024\/06\/20\/portuguesa-inces-presente-en-la-expo-paez-2024\/","title":{"rendered":"PORTUGUESA | Inces presente en la Expo P\u00e1ez 2024"},"content":{"rendered":"<p><em><strong><span style=\"font-size: 14pt; font-family: helvetica, arial, sans-serif;\">** Los interesados en conocer las formaciones que ofrece el Inces en el estado llanero cuentan con un stand en la ExpoPaez<\/span><\/strong><\/em><!--more--><\/p>\n<p>&nbsp;<\/p>\n<p style=\"text-align: justify;\"><span style=\"font-family: helvetica, arial, sans-serif; font-size: 14pt;\">Desde este jueves 13 de junio, hasta el s\u00e1bado 15, el Inces estar\u00e1 presente en la Expo P\u00e1ez 2024, donde estar\u00e1n mostrando todas las virtudes que tiene esta prestigiosa casa de estudios para los portuguese\u00f1os<\/span><\/p>\n<p>&nbsp;<\/p>\n<p style=\"text-align: justify;\"><span style=\"font-family: helvetica, arial, sans-serif; font-size: 14pt;\">As\u00ed lo dio a conocer Aracelis Bello, gerente regional de esta instituci\u00f3n educativa, qui\u00e9n hablo un poco sobre las formaciones profesionales que se est\u00e1n impartiendo: \u00abDe verdad estamos contentos por la gran receptividad que ha tenido el Inces en la Expo P\u00e1ez 2024, desde que llegamos les puedo comentar que mucha gente muestra inter\u00e9s en nuestras formaciones y por eso hemos crecido. Ya tenemos m\u00e1s de 63 inscripciones en los diferentes perfiles productivos\u00bb.<\/span><\/p>\n<p>&nbsp;<\/p>\n<p style=\"text-align: justify;\"><span style=\"font-family: helvetica, arial, sans-serif; font-size: 14pt;\">\u00abGracias a Dios y a nuestro equipo, hemos llegado a los 14 municipios del estado, llevando as\u00ed la formaci\u00f3n t\u00e9cnica y profesional a todos los portuguese\u00f1os, inform\u00f3 Bello.<\/span><\/p>\n<p>&nbsp;<\/p>\n<p style=\"text-align: justify;\"><span style=\"font-family: helvetica, arial, sans-serif; font-size: 14pt;\">El stand del Inces esta disponible este s\u00e1bado desde las 11:00 a.m. en la Expo P\u00e1ez 2024 ubicada en la Manga de Coleo de P\u00e1ez, donde estar\u00e1n dando informaci\u00f3n de todas las unidades curriculares que esta casa de estudios est\u00e1 impartiendo.<\/span><\/p>\n","protected":false},"excerpt":{"rendered":"<p>** Los interesados en conocer las formaciones que ofrece el Inces en el estado llanero cuentan con un stand en la ExpoPaez<\/p>\n","protected":false},"author":4,"featured_media":58845,"comment_status":"closed","ping_status":"closed","sticky":false,"template":"","format":"standard","meta":{"footnotes":""},"categories":[2],"tags":[],"class_list":["post-58844","post","type-post","status-publish","format-standard","has-post-thumbnail","hentry","category-blog"],"_links":{"self":[{"href":"https:\/\/inces.gob.ve\/index.php\/wp-json\/wp\/v2\/posts\/58844","targetHints":{"allow":["GET"]}}],"collection":[{"href":"https:\/\/inces.gob.ve\/index.php\/wp-json\/wp\/v2\/posts"}],"about":[{"href":"https:\/\/inces.gob.ve\/index.php\/wp-json\/wp\/v2\/types\/post"}],"author":[{"embeddable":true,"href":"https:\/\/inces.gob.ve\/index.php\/wp-json\/wp\/v2\/users\/4"}],"replies":[{"embeddable":true,"href":"https:\/\/inces.gob.ve\/index.php\/wp-json\/wp\/v2\/comments?post=58844"}],"version-history":[{"count":1,"href":"https:\/\/inces.gob.ve\/index.php\/wp-json\/wp\/v2\/posts\/58844\/revisions"}],"predecessor-version":[{"id":58846,"href":"https:\/\/inces.gob.ve\/index.php\/wp-json\/wp\/v2\/posts\/58844\/revisions\/58846"}],"wp:featuredmedia":[{"embeddable":true,"href":"https:\/\/inces.gob.ve\/index.php\/wp-json\/wp\/v2\/media\/58845"}],"wp:attachment":[{"href":"https:\/\/inces.gob.ve\/index.php\/wp-json\/wp\/v2\/media?parent=58844"}],"wp:term":[{"taxonomy":"category","embeddable":true,"href":"https:\/\/inces.gob.ve\/index.php\/wp-json\/wp\/v2\/categories?post=58844"},{"taxonomy":"post_tag","embeddable":true,"href":"https:\/\/inces.gob.ve\/index.php\/wp-json\/wp\/v2\/tags?post=58844"}],"curies":[{"name":"wp","href":"https:\/\/api.w.org\/{rel}","templated":true}]}}