{"id":58879,"date":"2024-06-25T14:19:15","date_gmt":"2024-06-25T18:19:15","guid":{"rendered":"https:\/\/inces.gob.ve\/?p=58879"},"modified":"2024-06-25T14:19:15","modified_gmt":"2024-06-25T18:19:15","slug":"maracay-el-inces-region-aragua-se-unio-al-despliegue-simultaneo-del-lanzamiento-del-plan-nacional-de-formacion-de-promotores-culturales-y-deportivos","status":"publish","type":"post","link":"https:\/\/inces.gob.ve\/index.php\/2024\/06\/25\/maracay-el-inces-region-aragua-se-unio-al-despliegue-simultaneo-del-lanzamiento-del-plan-nacional-de-formacion-de-promotores-culturales-y-deportivos\/","title":{"rendered":"MARACAY | El Inces regi\u00f3n Aragua se uni\u00f3 al despliegue simult\u00e1neo del Lanzamiento del Plan Nacional de Formaci\u00f3n de Promotores Culturales y Deportivos."},"content":{"rendered":"<div dir=\"auto\" style=\"text-align: justify;\"><\/div>\n<div dir=\"auto\" style=\"text-align: justify;\"><strong><em><span style=\"font-family: helvetica, arial, sans-serif; font-size: 14pt;\">** La actividad inici\u00f3 a casa llena desde el auditorio Sim\u00f3n Bol\u00edvar del Inces Aragua\u00a0<\/span><\/em><\/strong><\/div>\n<p><!--more--><\/p>\n<div dir=\"auto\"><\/div>\n<div dir=\"auto\" style=\"text-align: justify;\"><\/div>\n<div dir=\"auto\"><\/div>\n<div dir=\"auto\" style=\"text-align: justify;\"><strong><span style=\"font-family: helvetica, arial, sans-serif; font-size: 14pt;\">NINOSKA PATRIZ<\/span><\/strong><\/div>\n<div dir=\"auto\" style=\"text-align: justify;\"><\/div>\n<div dir=\"auto\" style=\"text-align: justify;\"><span style=\"font-family: helvetica, arial, sans-serif; font-size: 14pt;\">Con mucho \u00e1nimo y sentido de pertenencia en torno al realce de las tradiciones, recreaci\u00f3n y sano esparcimiento, se llev\u00f3 a cabo con excelente asistencia, el Lanzamiento del Plan Nacional de Formaci\u00f3n de Promotores Culturales, contando con el apoyo de la gerente del Inces Aragua, Yelitza Rodr\u00edguez; el jefe de Formaci\u00f3n Profesional, Sim\u00f3n Navarro y Adela Ram\u00edrez de la mano de todo el equipo de la coordinaci\u00f3n de Cultura, Deporte, Recreaci\u00f3n y Participaci\u00f3n Comunal.<\/span><\/div>\n<div dir=\"auto\"><\/div>\n<div dir=\"auto\" style=\"text-align: justify;\"><\/div>\n<div dir=\"auto\"><\/div>\n<div dir=\"auto\" style=\"text-align: justify;\"><span style=\"font-family: helvetica, arial, sans-serif; font-size: 14pt;\">Durante la charla introductoria realizada desde el auditorio Sim\u00f3n Bol\u00edvar se explic\u00f3 que los Perfiles Productivos: Promotor Cultural y Promotor Deportivo constan de onces unidades curriculares virtuales y 2 presenciales (en fecha 25 y 26 de junio 2024) y la iniciativa se implementa para dar cumplimiento a lo contemplado en los v\u00e9rtices 2: Produce con la Cultura y 3: F\u00f3rmate con la Cultura, estipulado en la Gran Misi\u00f3n Viva Venezuela \u00a1Mi Patria Querida!, lineamiento orientado por el ejecutivo nacional.<\/span><\/div>\n<div dir=\"auto\"><\/div>\n<div dir=\"auto\" style=\"text-align: justify;\"><\/div>\n<div dir=\"auto\" style=\"text-align: justify;\"><span style=\"font-family: helvetica, arial, sans-serif; font-size: 14pt;\">Entre los objetivos a desarrollar se resaltan la transmisi\u00f3n de conocimientos, tradiciones, saberes o valores culturales con los cuales, se enmarcan o dan identidad a la poblaci\u00f3n venezolana. \u00abEstamos agradecidos por la iniciativa que tambi\u00e9n es una manera de otorgar reconocimiento especial a las estructuras de los movimientos sociales en cuanto a cultura y deporte, por su importante labor en favor a la sana convivencia, salud, bienestar comunitario y calidad de vida en todo el pa\u00eds, haciendo un llamado especial a los motopiruetas para tan importante formaci\u00f3n.\u00bb, coment\u00f3 el coordinador estadal de la Misi\u00f3n Cultura Ezequiel Pi\u00f1ero.<\/span><\/div>\n<div dir=\"auto\"><\/div>\n<div dir=\"auto\" style=\"text-align: justify;\"><\/div>\n<div dir=\"auto\" style=\"text-align: justify;\"><span style=\"font-family: helvetica, arial, sans-serif; font-size: 14pt;\">Tambi\u00e9n disfrut\u00f3 de la jocosa puesta en escena de la tradicional burriquita con el acompa\u00f1amiento musical de Roderick Rodr\u00edguez y la presencia de Danzas Primavera, para cerrar el primer encuentro. Adem\u00e1s, se pudo conocer que la mega entrega de certificaciones para el cierre o culminaci\u00f3n de las formaciones, se encuentra prevista para el 28 de junio, a nivel nacional, haciendo un llamado extensivo al registro, inscripci\u00f3n y participaci\u00f3n a todos los interesados en ser parte del gran reimpulso cultural y deportivo que se promueve.<\/span><\/div>\n","protected":false},"excerpt":{"rendered":"<p>** La actividad inici\u00f3 a casa llena desde el auditorio Sim\u00f3n Bol\u00edvar del Inces Aragua\u00a0<\/p>\n","protected":false},"author":4,"featured_media":58880,"comment_status":"closed","ping_status":"closed","sticky":false,"template":"","format":"standard","meta":{"footnotes":""},"categories":[2],"tags":[],"class_list":["post-58879","post","type-post","status-publish","format-standard","has-post-thumbnail","hentry","category-blog"],"_links":{"self":[{"href":"https:\/\/inces.gob.ve\/index.php\/wp-json\/wp\/v2\/posts\/58879","targetHints":{"allow":["GET"]}}],"collection":[{"href":"https:\/\/inces.gob.ve\/index.php\/wp-json\/wp\/v2\/posts"}],"about":[{"href":"https:\/\/inces.gob.ve\/index.php\/wp-json\/wp\/v2\/types\/post"}],"author":[{"embeddable":true,"href":"https:\/\/inces.gob.ve\/index.php\/wp-json\/wp\/v2\/users\/4"}],"replies":[{"embeddable":true,"href":"https:\/\/inces.gob.ve\/index.php\/wp-json\/wp\/v2\/comments?post=58879"}],"version-history":[{"count":1,"href":"https:\/\/inces.gob.ve\/index.php\/wp-json\/wp\/v2\/posts\/58879\/revisions"}],"predecessor-version":[{"id":58881,"href":"https:\/\/inces.gob.ve\/index.php\/wp-json\/wp\/v2\/posts\/58879\/revisions\/58881"}],"wp:featuredmedia":[{"embeddable":true,"href":"https:\/\/inces.gob.ve\/index.php\/wp-json\/wp\/v2\/media\/58880"}],"wp:attachment":[{"href":"https:\/\/inces.gob.ve\/index.php\/wp-json\/wp\/v2\/media?parent=58879"}],"wp:term":[{"taxonomy":"category","embeddable":true,"href":"https:\/\/inces.gob.ve\/index.php\/wp-json\/wp\/v2\/categories?post=58879"},{"taxonomy":"post_tag","embeddable":true,"href":"https:\/\/inces.gob.ve\/index.php\/wp-json\/wp\/v2\/tags?post=58879"}],"curies":[{"name":"wp","href":"https:\/\/api.w.org\/{rel}","templated":true}]}}