{"id":58890,"date":"2024-06-25T16:44:38","date_gmt":"2024-06-25T20:44:38","guid":{"rendered":"https:\/\/inces.gob.ve\/?p=58890"},"modified":"2024-06-25T16:44:46","modified_gmt":"2024-06-25T20:44:46","slug":"apure-inces-participo-en-la-construccion-de-una-mesa-tecnica-multidisciplinaria-junto-al-ministerio-del-trabajo","status":"publish","type":"post","link":"https:\/\/inces.gob.ve\/index.php\/2024\/06\/25\/apure-inces-participo-en-la-construccion-de-una-mesa-tecnica-multidisciplinaria-junto-al-ministerio-del-trabajo\/","title":{"rendered":"APURE | Inces particip\u00f3 en la construcci\u00f3n de una mesa t\u00e9cnica multidisciplinaria junto al Ministerio del Trabajo"},"content":{"rendered":"<p style=\"text-align: justify;\"><strong><em><span style=\"font-family: helvetica, arial, sans-serif; font-size: 14pt;\">** La actividad se llev\u00f3 a cabo siguiendo lineamientos del presidente Nicol\u00e1s Maduro y el ministro Alexis Corredor<\/span><\/em><\/strong><!--more--><\/p>\n<p>&nbsp;<\/p>\n<p>&nbsp;<\/p>\n<p style=\"text-align: justify;\"><span style=\"font-family: helvetica, arial, sans-serif; font-size: 14pt;\">El Instituto Nacional de Capacitaci\u00f3n y Educaci\u00f3n Socialista (Inces) se uni\u00f3 al Ministerio del Trabajo en la creaci\u00f3n de una mesa t\u00e9cnica multidisciplinaria en la entidad llanera. La construcci\u00f3n de esta mesa tuvo como objetivo revitalizar el Sistema Nacional de Formaci\u00f3n y Autoformaci\u00f3n de la Clase Obrera.<\/span><\/p>\n<p>&nbsp;<\/p>\n<p style=\"text-align: justify;\"><span style=\"font-family: helvetica, arial, sans-serif; font-size: 14pt;\">La responsable de la Direcci\u00f3n General de Formaci\u00f3n del Viceministerio del Trabajo, Juana Graciela Moreno, lider\u00f3 el proceso junto con Diana Castellano, representante del \u00e1rea de Innovaci\u00f3n, Inventiva y Formaci\u00f3n. Durante la reuni\u00f3n, se diagnosticaron las necesidades formativas y se compartieron experiencias productivas.<\/span><\/p>\n<p>&nbsp;<\/p>\n<p style=\"text-align: justify;\"><span style=\"font-family: helvetica, arial, sans-serif; font-size: 14pt;\">En la mesa participaron representantes de las Misiones Educativas (Misi\u00f3n Robinson, Ribas y Sucre), as\u00ed como universidades y la Comisi\u00f3n Nacional para Personas con Discapacidad (CONAPDIS). Tambi\u00e9n se present\u00f3 un balance de la formaci\u00f3n y se solicit\u00f3 apoyo para la instalaci\u00f3n de nuevos espacios formativos.<\/span><\/p>\n<p>&nbsp;<\/p>\n<p style=\"text-align: justify;\"><span style=\"font-family: helvetica, arial, sans-serif; font-size: 14pt;\">Se acord\u00f3 la caracterizaci\u00f3n de ambientes formativos en colaboraci\u00f3n con las Misiones Educativas y Universidades con el objetivo de facilitar la prosecuci\u00f3n de estudios universitarios y especializados; adem\u00e1s, se trabajar\u00e1 en la construcci\u00f3n de portafolios de postulados para la certificaci\u00f3n de saberes.<\/span><\/p>\n","protected":false},"excerpt":{"rendered":"<p>** La actividad se llev\u00f3 a cabo siguiendo lineamientos del presidente Nicol\u00e1s Maduro y el ministro Alexis Corredor<\/p>\n","protected":false},"author":4,"featured_media":58891,"comment_status":"closed","ping_status":"closed","sticky":false,"template":"","format":"standard","meta":{"footnotes":""},"categories":[2],"tags":[],"class_list":["post-58890","post","type-post","status-publish","format-standard","has-post-thumbnail","hentry","category-blog"],"_links":{"self":[{"href":"https:\/\/inces.gob.ve\/index.php\/wp-json\/wp\/v2\/posts\/58890","targetHints":{"allow":["GET"]}}],"collection":[{"href":"https:\/\/inces.gob.ve\/index.php\/wp-json\/wp\/v2\/posts"}],"about":[{"href":"https:\/\/inces.gob.ve\/index.php\/wp-json\/wp\/v2\/types\/post"}],"author":[{"embeddable":true,"href":"https:\/\/inces.gob.ve\/index.php\/wp-json\/wp\/v2\/users\/4"}],"replies":[{"embeddable":true,"href":"https:\/\/inces.gob.ve\/index.php\/wp-json\/wp\/v2\/comments?post=58890"}],"version-history":[{"count":2,"href":"https:\/\/inces.gob.ve\/index.php\/wp-json\/wp\/v2\/posts\/58890\/revisions"}],"predecessor-version":[{"id":58893,"href":"https:\/\/inces.gob.ve\/index.php\/wp-json\/wp\/v2\/posts\/58890\/revisions\/58893"}],"wp:featuredmedia":[{"embeddable":true,"href":"https:\/\/inces.gob.ve\/index.php\/wp-json\/wp\/v2\/media\/58891"}],"wp:attachment":[{"href":"https:\/\/inces.gob.ve\/index.php\/wp-json\/wp\/v2\/media?parent=58890"}],"wp:term":[{"taxonomy":"category","embeddable":true,"href":"https:\/\/inces.gob.ve\/index.php\/wp-json\/wp\/v2\/categories?post=58890"},{"taxonomy":"post_tag","embeddable":true,"href":"https:\/\/inces.gob.ve\/index.php\/wp-json\/wp\/v2\/tags?post=58890"}],"curies":[{"name":"wp","href":"https:\/\/api.w.org\/{rel}","templated":true}]}}