{"id":58904,"date":"2024-06-26T08:36:51","date_gmt":"2024-06-26T12:36:51","guid":{"rendered":"https:\/\/inces.gob.ve\/?p=58904"},"modified":"2024-06-26T11:10:30","modified_gmt":"2024-06-26T15:10:30","slug":"yaracuy-con-adquisicion-de-equipos-se-optimizan-espacios-en-el-inces","status":"publish","type":"post","link":"https:\/\/inces.gob.ve\/index.php\/2024\/06\/26\/yaracuy-con-adquisicion-de-equipos-se-optimizan-espacios-en-el-inces\/","title":{"rendered":"YARACUY | Con adquisici\u00f3n de equipos se optimizan espacios en el Inces"},"content":{"rendered":"<p style=\"font-weight: 400; text-align: justify;\"><em><strong><span style=\"font-family: helvetica, arial, sans-serif; font-size: 14pt;\">*** Gracias a los recursos aprobados por el mandatario nacional, Nicol\u00e1s Maduro y del presidente del Inces Wuikelman Angel Paredes, as\u00ed como los convenios con las entidades de trabajo se efectu\u00f3 la compra<\/span><\/strong><\/em><!--more--><\/p>\n<p>&nbsp;<\/p>\n<p style=\"font-weight: 400; text-align: justify;\"><span style=\"font-family: helvetica, arial, sans-serif; font-size: 14pt;\"><strong>YOLAICE VARGAS<\/strong>\u00a0<\/span><\/p>\n<p style=\"font-weight: 400; text-align: justify;\"><span style=\"font-family: helvetica, arial, sans-serif; font-size: 14pt;\">Con el fin de optimizar los espacios formativos de los centros de formaci\u00f3n socialista (CFS) del Instituto Nacional de Capacitaci\u00f3n y Educaci\u00f3n Socialista (Inces),\u00a0\u00a0se logr\u00f3 la adquisici\u00f3n de once aires acondicionados y quince computadoras, los cuales, en su mayor\u00eda est\u00e1n direccionados para el CFS Prudencio V\u00e1zquez, municipio Bruzual.<\/span><\/p>\n<p>&nbsp;<\/p>\n<p style=\"font-weight: 400; text-align: justify;\"><span style=\"font-family: helvetica, arial, sans-serif; font-size: 14pt;\">El gerente regional del Inces en Yaracuy, Dalvi Torrealba, se\u00f1al\u00f3 que gracias a la aprobaci\u00f3n de los recursos por parte del Mandatario Nacional Nicol\u00e1s Maduro y del presidente del Inces Wuikelman Angel Paredes se materializ\u00f3 la compra de ocho aires acondicionados que vienen a consolidar los espacios del CFS Prudencio V\u00e1zquez, una vez culminados los trabajos de rehabilitaci\u00f3n del centro.<\/span><\/p>\n<p>&nbsp;<\/p>\n<p style=\"font-weight: 400; text-align: justify;\"><span style=\"font-family: helvetica, arial, sans-serif; font-size: 14pt;\">Asimismo, el titular del Inces en Yaracuy, mencion\u00f3 que la dotaci\u00f3n fue complementada por las entidades de trabajo Grupo Ebenezer C.A, Alberca C.A, Lomas de Nirgua, Alambres Yaracuy C.A y Multinacional de Veh\u00edculos, que cumplen con el Programa Nacional de Aprendizaje, a trav\u00e9s de la modalidad de convenios, para este nuevo periodo de incorporaci\u00f3n de aprendices.<\/span><\/p>\n<p>&nbsp;<\/p>\n<p style=\"font-weight: 400; text-align: justify;\"><span style=\"font-family: helvetica, arial, sans-serif; font-size: 14pt;\">Torrealba destac\u00f3 que las empresas donaron tres acondicionadores de aire y quince computadoras, garantizando as\u00ed que los j\u00f3venes aprendices cuenten con espacios confortables y equipos para la ejecuci\u00f3n de sus actividades. Recalc\u00f3 Torrealba que en el CFS Prudencio V\u00e1zquez se equipar\u00e1 un aula que servir\u00e1 de laboratorio de inform\u00e1tica.<\/span><\/p>\n<p>&nbsp;<\/p>\n<p style=\"font-weight: 400; text-align: justify;\"><span style=\"font-family: helvetica, arial, sans-serif; font-size: 14pt;\">Para finalizar, precis\u00f3 que de manera progresiva se han ido recuperando los espacios y seguir\u00e1n trabajando para que los centros de formaci\u00f3n se consoliden en su totalidad no solo en infraestructura, sino en equipos para garantizar formaci\u00f3n de calidad, y seguir avanzando hacia la formaci\u00f3n t\u00e9cnica profesional.<\/span><\/p>\n","protected":false},"excerpt":{"rendered":"<p>*** Gracias a los recursos aprobados por el mandatario nacional, Nicol\u00e1s Maduro y del presidente del Inces Wuikelman Angel Paredes, as\u00ed como los convenios con las entidades de trabajo se efectu\u00f3 la compra<\/p>\n","protected":false},"author":4,"featured_media":58905,"comment_status":"closed","ping_status":"closed","sticky":false,"template":"","format":"standard","meta":{"footnotes":""},"categories":[2],"tags":[],"class_list":["post-58904","post","type-post","status-publish","format-standard","has-post-thumbnail","hentry","category-blog"],"_links":{"self":[{"href":"https:\/\/inces.gob.ve\/index.php\/wp-json\/wp\/v2\/posts\/58904","targetHints":{"allow":["GET"]}}],"collection":[{"href":"https:\/\/inces.gob.ve\/index.php\/wp-json\/wp\/v2\/posts"}],"about":[{"href":"https:\/\/inces.gob.ve\/index.php\/wp-json\/wp\/v2\/types\/post"}],"author":[{"embeddable":true,"href":"https:\/\/inces.gob.ve\/index.php\/wp-json\/wp\/v2\/users\/4"}],"replies":[{"embeddable":true,"href":"https:\/\/inces.gob.ve\/index.php\/wp-json\/wp\/v2\/comments?post=58904"}],"version-history":[{"count":4,"href":"https:\/\/inces.gob.ve\/index.php\/wp-json\/wp\/v2\/posts\/58904\/revisions"}],"predecessor-version":[{"id":58909,"href":"https:\/\/inces.gob.ve\/index.php\/wp-json\/wp\/v2\/posts\/58904\/revisions\/58909"}],"wp:featuredmedia":[{"embeddable":true,"href":"https:\/\/inces.gob.ve\/index.php\/wp-json\/wp\/v2\/media\/58905"}],"wp:attachment":[{"href":"https:\/\/inces.gob.ve\/index.php\/wp-json\/wp\/v2\/media?parent=58904"}],"wp:term":[{"taxonomy":"category","embeddable":true,"href":"https:\/\/inces.gob.ve\/index.php\/wp-json\/wp\/v2\/categories?post=58904"},{"taxonomy":"post_tag","embeddable":true,"href":"https:\/\/inces.gob.ve\/index.php\/wp-json\/wp\/v2\/tags?post=58904"}],"curies":[{"name":"wp","href":"https:\/\/api.w.org\/{rel}","templated":true}]}}