{"id":58985,"date":"2024-07-05T13:24:20","date_gmt":"2024-07-05T17:24:20","guid":{"rendered":"https:\/\/inces.gob.ve\/?p=58985"},"modified":"2024-07-05T13:43:10","modified_gmt":"2024-07-05T17:43:10","slug":"caracas-inces-deja-su-huella-en-la-feria-de-oportunidades-de-estudios-2024","status":"publish","type":"post","link":"https:\/\/inces.gob.ve\/index.php\/2024\/07\/05\/caracas-inces-deja-su-huella-en-la-feria-de-oportunidades-de-estudios-2024\/","title":{"rendered":"Caracas | Inces deja su huella en la Feria de Oportunidades de Estudios 2024\u00a0"},"content":{"rendered":"<div style=\"text-align: justify;\"><em><span style=\"font-family: helvetica, arial, sans-serif; font-size: 14pt;\">**El o<span style=\"color: #000000;\">bjetivo es<b>\u00a0orientar<\/b>\u00a0a los\u00a0<b>j\u00f3venes<\/b>\u00a0sobre las\u00a0<b>ofertas acad\u00e9micas<\/b>\u00a0de\u00a0las Universidades y promover el registro en l\u00ednea en el Sistema Nacional\u00a0de\u00a0Ingreso (<b>SNI<\/b>)<\/span><\/span><\/em><\/div>\n<p><!--more--><\/p>\n<div style=\"text-align: justify;\"><\/div>\n<p style=\"text-align: justify;\"><span style=\"font-family: helvetica, arial, sans-serif; font-size: 14pt;\">La Feria de Oportunidades de Estudios Universitarios 2024 se llev\u00f3 a cabo en Caracas en la Galer\u00eda de Arte Nacional, donde el Instituto Nacional de Capacitaci\u00f3n y Educaci\u00f3n Socialista (Inces) tuvo una participaci\u00f3n destacada.junto\u00a0a\u00a030 instituciones de estudios superiores, que ofrecieron sus programas de formaci\u00f3n a j\u00f3venes de las distintas unidades educativas de la regi\u00f3n.<\/span><\/p>\n<p>&nbsp;<\/p>\n<p style=\"text-align: justify;\"><span style=\"font-family: helvetica, arial, sans-serif; font-size: 14pt;\">\u201cEn esta feria tenemos 247 planteles y m\u00e1s de mil 800 estudiantes, as\u00ed que ac\u00e9rcate a la Galer\u00eda de Arte Nacional\u201d, inform\u00f3 la ministra del Poder Popular para la Educaci\u00f3n, Yelitze Santaella.<\/span><\/p>\n<p>&nbsp;<\/p>\n<p style=\"text-align: justify;\"><span style=\"font-family: helvetica, arial, sans-serif; font-size: 14pt;\">Por otra parte, la ministra de Educaci\u00f3n Universitaria, Sandra Oblitas, se\u00f1al\u00f3 que su despacho se ha desplegado en todo el territorio nacional para atender a todos los bachilleres que egresan este a\u00f1o de la educaci\u00f3n media.<\/span><\/p>\n<p>&nbsp;<\/p>\n<p style=\"text-align: justify;\"><span style=\"font-family: helvetica, arial, sans-serif; font-size: 14pt;\">Cabe destacar que Nicol\u00e1s Maduro, presidente de la rep\u00fablica anunci\u00f3 que el Gobierno tiene garantizado los cupos universitarios para 339.145 estudiantes que se grad\u00faan de bachillerato este a\u00f1o.<\/span><\/p>\n","protected":false},"excerpt":{"rendered":"<p>**El objetivo es\u00a0orientar\u00a0a los\u00a0j\u00f3venes\u00a0sobre las\u00a0ofertas acad\u00e9micas\u00a0de\u00a0las Universidades y promover el registro en l\u00ednea en el Sistema Nacional\u00a0de\u00a0Ingreso (SNI)<\/p>\n","protected":false},"author":4,"featured_media":53749,"comment_status":"closed","ping_status":"closed","sticky":false,"template":"","format":"standard","meta":{"footnotes":""},"categories":[2],"tags":[],"class_list":["post-58985","post","type-post","status-publish","format-standard","has-post-thumbnail","hentry","category-blog"],"_links":{"self":[{"href":"https:\/\/inces.gob.ve\/index.php\/wp-json\/wp\/v2\/posts\/58985","targetHints":{"allow":["GET"]}}],"collection":[{"href":"https:\/\/inces.gob.ve\/index.php\/wp-json\/wp\/v2\/posts"}],"about":[{"href":"https:\/\/inces.gob.ve\/index.php\/wp-json\/wp\/v2\/types\/post"}],"author":[{"embeddable":true,"href":"https:\/\/inces.gob.ve\/index.php\/wp-json\/wp\/v2\/users\/4"}],"replies":[{"embeddable":true,"href":"https:\/\/inces.gob.ve\/index.php\/wp-json\/wp\/v2\/comments?post=58985"}],"version-history":[{"count":3,"href":"https:\/\/inces.gob.ve\/index.php\/wp-json\/wp\/v2\/posts\/58985\/revisions"}],"predecessor-version":[{"id":58988,"href":"https:\/\/inces.gob.ve\/index.php\/wp-json\/wp\/v2\/posts\/58985\/revisions\/58988"}],"wp:featuredmedia":[{"embeddable":true,"href":"https:\/\/inces.gob.ve\/index.php\/wp-json\/wp\/v2\/media\/53749"}],"wp:attachment":[{"href":"https:\/\/inces.gob.ve\/index.php\/wp-json\/wp\/v2\/media?parent=58985"}],"wp:term":[{"taxonomy":"category","embeddable":true,"href":"https:\/\/inces.gob.ve\/index.php\/wp-json\/wp\/v2\/categories?post=58985"},{"taxonomy":"post_tag","embeddable":true,"href":"https:\/\/inces.gob.ve\/index.php\/wp-json\/wp\/v2\/tags?post=58985"}],"curies":[{"name":"wp","href":"https:\/\/api.w.org\/{rel}","templated":true}]}}