{"id":58998,"date":"2024-07-05T14:35:21","date_gmt":"2024-07-05T18:35:21","guid":{"rendered":"https:\/\/inces.gob.ve\/?p=58998"},"modified":"2024-07-05T14:35:21","modified_gmt":"2024-07-05T18:35:21","slug":"bolivar-inces-presente-en-el-gobierno-de-calle","status":"publish","type":"post","link":"https:\/\/inces.gob.ve\/index.php\/2024\/07\/05\/bolivar-inces-presente-en-el-gobierno-de-calle\/","title":{"rendered":"BOL\u00cdVAR | Inces presente en el gobierno de calle"},"content":{"rendered":"<p style=\"text-align: justify;\"><span style=\"font-size: 14pt; font-family: helvetica, arial, sans-serif;\"><em><strong>*** Estrategias que tienen el objetivo de seguir promoviendo la formaci\u00f3n t\u00e9cnica profesional\u00a0 dentro de las comunidades<\/strong><\/em><!--more--><\/span><\/p>\n<p style=\"text-align: justify;\">\n<p style=\"text-align: justify;\"><strong><span style=\"font-size: 14pt; font-family: helvetica, arial, sans-serif;\">JOS\u00c9 SU\u00c1REZ<\/span><\/strong><\/p>\n<p style=\"text-align: justify;\"><span style=\"font-size: 14pt; font-family: helvetica, arial, sans-serif;\"><span style=\"font-weight: 400;\">Desde la Escuela B\u00e1sica Bolivariana Vista al Sol, ubicada en el municipio Caron\u00ed, <\/span><b>el Instituto<\/b> <b>Nacional de Capacitaci\u00f3n y Educaci\u00f3n Socialista (Inces) particip\u00f3 en el despliegue del Gobierno de Calle.<\/b><\/span><\/p>\n<p>&nbsp;<\/p>\n<p style=\"text-align: justify;\"><span style=\"font-size: 14pt; font-family: helvetica, arial, sans-serif;\"><span style=\"font-weight: 400;\">A trav\u00e9s de una jornada de amor en acci\u00f3n el Inces, <\/span><b>present\u00f3 su lista de perfiles productivos del 2\u00b0 trimestre 2024 a la juventud patriotica de la regi\u00f3n, as\u00ed como su orientaci\u00f3n de cu\u00e1les son los requisitos que deben tener para las venideras inscripciones del bachillerato productivo; dirigido a la poblaci\u00f3n j\u00f3ven, adultos\u00a0 y adultas que a\u00fan no han terminado sus estudios.<\/b><\/span><\/p>\n<p>&nbsp;<\/p>\n<p style=\"text-align: justify;\"><span style=\"font-size: 14pt; font-family: helvetica, arial, sans-serif;\"><span style=\"font-weight: 400;\">Por su parte la gerente regional del Inces Bol\u00edvar, Ruth Jim\u00e9nez, reiter\u00f3<\/span><b> el compromiso que tiene\u00a0 el Inces de estar desplegado en cada comunidad y seguir promoviendo los perfiles productivos\u00a0 y ense\u00f1ando la t\u00e9cnica en cada espacio que se amerite y dando soluciones de innovaci\u00f3n a base del conocimiento.<\/b><\/span><\/p>\n<p>&nbsp;<\/p>\n<p style=\"text-align: justify;\"><span style=\"font-size: 14pt; font-family: helvetica, arial, sans-serif;\"><b>\u00abLa intenci\u00f3n es activar ambientes educativos\u00a0 y crear mecanismos de atenci\u00f3n al Participante\u00a0 generando respuestas eficientes, con mucha comodidad dentro del radio de acci\u00f3n de la comunidad\u00bb, declar\u00f3 Jim\u00e9ne<\/b><span style=\"font-weight: 400;\">z.<\/span><\/span><\/p>\n<p>&nbsp;<\/p>\n<p style=\"text-align: justify;\"><span style=\"font-size: 14pt; font-family: helvetica, arial, sans-serif;\"><span style=\"font-weight: 400;\">Adem\u00e1s Jim\u00e9nez\u00a0 expres\u00f3: <\/span><b>\u00a0\u00abEl Gobierno de Calle es una orientaci\u00f3n del presidente Nicol\u00e1s Maduro con el fin garantizar la atenci\u00f3n integral de los venezolanos y venezolanas<\/b><span style=\"font-weight: 400;\">, son jornadas de amor en acci\u00f3n que tiene un impacto y el Inces va al frente al\u00a0 brindar formaciones a todos\u00a0 que lo soliciten\u00bb.<\/span><\/span><\/p>\n<p>&nbsp;<\/p>\n<p style=\"text-align: justify;\"><span style=\"font-family: helvetica, arial, sans-serif;\"><span style=\"font-weight: 400; font-size: 14pt;\">De esta manera se refuerzan las pol\u00edticas educativas, la formaci\u00f3n constante, sin limitaciones y\u00a0 que m\u00e1s all\u00e1 de la distancia , <\/span><b><span style=\"font-size: 14pt;\">el Inces llega a la comunidades ense\u00f1ando la t\u00e9cnica.<\/span><\/b><\/span><\/p>\n","protected":false},"excerpt":{"rendered":"<p>*** Estrategias que tienen el objetivo de seguir promoviendo la formaci\u00f3n t\u00e9cnica profesional\u00a0 dentro de las comunidades<\/p>\n","protected":false},"author":4,"featured_media":58999,"comment_status":"closed","ping_status":"closed","sticky":false,"template":"","format":"standard","meta":{"footnotes":""},"categories":[2],"tags":[],"class_list":["post-58998","post","type-post","status-publish","format-standard","has-post-thumbnail","hentry","category-blog"],"_links":{"self":[{"href":"https:\/\/inces.gob.ve\/index.php\/wp-json\/wp\/v2\/posts\/58998","targetHints":{"allow":["GET"]}}],"collection":[{"href":"https:\/\/inces.gob.ve\/index.php\/wp-json\/wp\/v2\/posts"}],"about":[{"href":"https:\/\/inces.gob.ve\/index.php\/wp-json\/wp\/v2\/types\/post"}],"author":[{"embeddable":true,"href":"https:\/\/inces.gob.ve\/index.php\/wp-json\/wp\/v2\/users\/4"}],"replies":[{"embeddable":true,"href":"https:\/\/inces.gob.ve\/index.php\/wp-json\/wp\/v2\/comments?post=58998"}],"version-history":[{"count":1,"href":"https:\/\/inces.gob.ve\/index.php\/wp-json\/wp\/v2\/posts\/58998\/revisions"}],"predecessor-version":[{"id":59000,"href":"https:\/\/inces.gob.ve\/index.php\/wp-json\/wp\/v2\/posts\/58998\/revisions\/59000"}],"wp:featuredmedia":[{"embeddable":true,"href":"https:\/\/inces.gob.ve\/index.php\/wp-json\/wp\/v2\/media\/58999"}],"wp:attachment":[{"href":"https:\/\/inces.gob.ve\/index.php\/wp-json\/wp\/v2\/media?parent=58998"}],"wp:term":[{"taxonomy":"category","embeddable":true,"href":"https:\/\/inces.gob.ve\/index.php\/wp-json\/wp\/v2\/categories?post=58998"},{"taxonomy":"post_tag","embeddable":true,"href":"https:\/\/inces.gob.ve\/index.php\/wp-json\/wp\/v2\/tags?post=58998"}],"curies":[{"name":"wp","href":"https:\/\/api.w.org\/{rel}","templated":true}]}}