{"id":59012,"date":"2024-07-09T16:01:23","date_gmt":"2024-07-09T20:01:23","guid":{"rendered":"https:\/\/inces.gob.ve\/?p=59012"},"modified":"2024-07-10T07:26:33","modified_gmt":"2024-07-10T11:26:33","slug":"aragua-en-el-inces-la-cultura-es-un-pilar-fundamental-para-la-sociedad","status":"publish","type":"post","link":"https:\/\/inces.gob.ve\/index.php\/2024\/07\/09\/aragua-en-el-inces-la-cultura-es-un-pilar-fundamental-para-la-sociedad\/","title":{"rendered":"ARAGUA\u00a0 | En el Inces la cultura es un pilar fundamental para la sociedad."},"content":{"rendered":"<div dir=\"auto\" style=\"text-align: justify;\"><strong><em><span style=\"font-family: helvetica, arial, sans-serif; font-size: 14pt;\">** Los promotores culturales juegan un papel crucial en la difusi\u00f3n y preservaci\u00f3n de las manifestaciones art\u00edstica y tradicionales<\/span><\/em><\/strong><\/div>\n<p><!--more--><\/p>\n<div dir=\"auto\"><\/div>\n<div dir=\"auto\" style=\"text-align: justify;\"><span style=\"font-family: helvetica, arial, sans-serif;\"><strong>ANA RODR\u00cdGUEZ<\/strong><\/span><\/div>\n<div dir=\"auto\" style=\"text-align: justify;\"><\/div>\n<div dir=\"auto\" style=\"text-align: justify;\"><span style=\"font-family: helvetica, arial, sans-serif; font-size: 14pt;\">La coordinadora de Cultura, Deporte, Recreaci\u00f3n y Participaci\u00f3n Comunal del Inces \u00a0en la regi\u00f3n de Aragua, Adela Ram\u00edrez, subray\u00f3 la importancia de la cultura en el desarrollo de una sociedad cohesionada y pr\u00f3spera. Hizo hincapi\u00e9 en la necesidad de fortalecer el sentido de pertenencia, la identidad, el desarrollo econ\u00f3mico y fomentar la diversidad.<\/span><\/div>\n<div dir=\"auto\" style=\"text-align: justify;\"><\/div>\n<div dir=\"auto\"><\/div>\n<div dir=\"auto\" style=\"text-align: justify;\"><span style=\"font-family: helvetica, arial, sans-serif; font-size: 14pt;\">Adem\u00e1s, destac\u00f3 la labor de su equipo de trabajo y apoyo de otras divisiones, resaltando que no solo se enfoca en aspectos culturales, sino que tambi\u00e9n est\u00e1 dispuesto a apoyar en diversas actividades. La creaci\u00f3n de esta coordinaci\u00f3n tiene como objetivo promover el intercambio de saberes entre trabajadores, estudiantes, el Inces y la comunidad en general.<\/span><\/div>\n<div dir=\"auto\"><\/div>\n<div dir=\"auto\" style=\"text-align: justify;\"><\/div>\n<div dir=\"auto\" style=\"text-align: justify;\"><span style=\"font-family: helvetica, arial, sans-serif; font-size: 14pt;\">En este sentido, enfatiz\u00f3 la importancia de la Gran Misi\u00f3n Viva Venezuela Mi Patria Querida y el lanzamiento de los Promotores(as) Culturales, quienes desempe\u00f1an un papel vital en la preservaci\u00f3n de la riqueza cultural de una comunidad y en el fomento del entendimiento entre diferentes culturas.Indic\u00f3 que el equipo como tal hace las veces de agente de cambio que contribuye al fortalecimiento del sentido de pertenencia y al respeto por las tradiciones.<\/span><\/div>\n<div dir=\"auto\"><\/div>\n<div dir=\"auto\" style=\"text-align: justify;\"><\/div>\n<div dir=\"auto\" style=\"text-align: justify;\"><span style=\"font-family: helvetica, arial, sans-serif; font-size: 14pt;\">Asi mismo, mencion\u00f3 que se est\u00e1n llevando a cabo diversas charlas formativas e informativas tanto dentro como fuera de las instalaciones del Inces en Aragua, abordando temas como campa\u00f1as de salud y nutrici\u00f3n, fatiga laboral, el D\u00eda Mundial sin Tabaco y el lanzamiento del programa de radio Somos Inces, entre otros, dirigidos tanto al personal del Inces como a la comunidad en general.<\/span><\/div>\n<div dir=\"auto\"><\/div>\n<div dir=\"auto\" style=\"text-align: justify;\"><\/div>\n<div dir=\"auto\" style=\"text-align: justify;\"><span style=\"font-family: helvetica, arial, sans-serif; font-size: 14pt;\">Por otro lado, resalt\u00f3 la variedad de actividades programadas, como: La Voz Inces y la Semana Aniversario. Adem\u00e1s, se est\u00e1 organizando un evento conmemorativo del D\u00eda Mundial de la Lucha contra las Drogas, en el cual se contar\u00e1 con la participaci\u00f3n del CICPC, la polic\u00eda regional, la Brigada Canina y SAPAMA. Este evento se llevar\u00e1 a cabo en las instalaciones del Inces en Aragua.<\/span><\/div>\n<div dir=\"auto\"><\/div>\n<div dir=\"auto\" style=\"text-align: justify;\"><\/div>\n<div dir=\"auto\" style=\"text-align: justify;\"><span style=\"font-family: helvetica, arial, sans-serif; font-size: 14pt;\">Para concluir, manifest\u00f3 que la cultura y la participaci\u00f3n comunal son fundamentales para el desarrollo sostenible de una sociedad, promoviendo la identidad, el bienestar, la diversidad y la participaci\u00f3n ciudadana.<\/span><\/div>\n","protected":false},"excerpt":{"rendered":"<p>** Los promotores culturales juegan un papel crucial en la difusi\u00f3n y preservaci\u00f3n de las manifestaciones art\u00edstica y tradicionales<\/p>\n","protected":false},"author":4,"featured_media":59013,"comment_status":"closed","ping_status":"closed","sticky":false,"template":"","format":"standard","meta":{"footnotes":""},"categories":[2],"tags":[],"class_list":["post-59012","post","type-post","status-publish","format-standard","has-post-thumbnail","hentry","category-blog"],"_links":{"self":[{"href":"https:\/\/inces.gob.ve\/index.php\/wp-json\/wp\/v2\/posts\/59012","targetHints":{"allow":["GET"]}}],"collection":[{"href":"https:\/\/inces.gob.ve\/index.php\/wp-json\/wp\/v2\/posts"}],"about":[{"href":"https:\/\/inces.gob.ve\/index.php\/wp-json\/wp\/v2\/types\/post"}],"author":[{"embeddable":true,"href":"https:\/\/inces.gob.ve\/index.php\/wp-json\/wp\/v2\/users\/4"}],"replies":[{"embeddable":true,"href":"https:\/\/inces.gob.ve\/index.php\/wp-json\/wp\/v2\/comments?post=59012"}],"version-history":[{"count":2,"href":"https:\/\/inces.gob.ve\/index.php\/wp-json\/wp\/v2\/posts\/59012\/revisions"}],"predecessor-version":[{"id":59018,"href":"https:\/\/inces.gob.ve\/index.php\/wp-json\/wp\/v2\/posts\/59012\/revisions\/59018"}],"wp:featuredmedia":[{"embeddable":true,"href":"https:\/\/inces.gob.ve\/index.php\/wp-json\/wp\/v2\/media\/59013"}],"wp:attachment":[{"href":"https:\/\/inces.gob.ve\/index.php\/wp-json\/wp\/v2\/media?parent=59012"}],"wp:term":[{"taxonomy":"category","embeddable":true,"href":"https:\/\/inces.gob.ve\/index.php\/wp-json\/wp\/v2\/categories?post=59012"},{"taxonomy":"post_tag","embeddable":true,"href":"https:\/\/inces.gob.ve\/index.php\/wp-json\/wp\/v2\/tags?post=59012"}],"curies":[{"name":"wp","href":"https:\/\/api.w.org\/{rel}","templated":true}]}}