{"id":59022,"date":"2024-07-10T07:54:13","date_gmt":"2024-07-10T11:54:13","guid":{"rendered":"https:\/\/inces.gob.ve\/?p=59022"},"modified":"2024-07-10T07:54:13","modified_gmt":"2024-07-10T11:54:13","slug":"falcon-movimiento-nacional-somos-aprendices-elige-vocerias","status":"publish","type":"post","link":"https:\/\/inces.gob.ve\/index.php\/2024\/07\/10\/falcon-movimiento-nacional-somos-aprendices-elige-vocerias\/","title":{"rendered":"FALC\u00d3N | Movimiento Nacional Somos Aprendices elige vocer\u00edas"},"content":{"rendered":"<p style=\"text-align: justify;\" align=\"center\"><em><strong><span style=\"font-family: helvetica, arial, sans-serif; font-size: 14pt;\">**Con la finalidad de consolidar esta instancia organizativa y corresponsable para que los j\u00f3venes ejerzan la organizaci\u00f3n participativa y protag\u00f3nica<\/span><\/strong><\/em><!--more--><\/p>\n<p align=\"center\">\n<p align=\"center\">\n<p align=\"justify\"><span style=\"font-family: helvetica, arial, sans-serif; font-size: 14pt;\"><b>MIRIAM GONZ\u00c1LEZ VILLARROEL<\/b><\/span><\/p>\n<p align=\"justify\"><span style=\"font-family: helvetica, arial, sans-serif; font-size: 14pt;\">La participaci\u00f3n activa de la juventud en las pol\u00edticas p\u00fablicas es fundamental para construir una sociedad m\u00e1s inclusiva y democr\u00e1tica, en consecuencia, en el Instituto Nacional de Capacitaci\u00f3n y Educaci\u00f3n Socialista (Inces) se involucra a los j\u00f3venes\u00a0que integran\u00a0el Movimiento Nacional Juventud Productiva en la toma de decisiones para que aporten con ideas innovadoras a la soluci\u00f3n de sus necesidades y aspiraciones.<\/span><\/p>\n<p align=\"justify\">\n<p align=\"justify\"><span style=\"font-family: helvetica, arial, sans-serif; font-size: 14pt;\">En el caso espec\u00edfico y cumpliendo orientaciones de la Gerencia Regional del Inces en Falc\u00f3n, que dirige, Eneyda Mart\u00ednez Rodr\u00edguez y las coordinaciones del Programa Nacional de Aprendizaje (PNA) y del\u00a0Movimiento Juventud Productiva<b>, se realizar\u00e1 del 01 al 12 de julio de 2024,<\/b>\u00a0tanto en Coro como en Punto Fijo la elecci\u00f3n de las vocer\u00edas del\u00a0<b>Movimiento Nacional Somos Aprendices en Falc\u00f3n<\/b>,\u00a0acci\u00f3n que se efectuar\u00e1\u00a0en los espacios formativos, tales como: centros de formaci\u00f3n socialistas, institutos de acci\u00f3n docente delegada y entidades de trabajo.<\/span><\/p>\n<p align=\"justify\">\n<p align=\"justify\"><span style=\"font-family: helvetica, arial, sans-serif; font-size: 14pt;\">El Movimiento Nacional Somos Aprendices Inces, est\u00e1 integrado por\u00a0la muchachada\u00a0que se forman en las distintas ocupaciones productivas\u00a0que les ofrece el PNA y el proceso de elecci\u00f3n de los voceros busca la consolidaci\u00f3n del movimiento, como un claro ejemplo de c\u00f3mo los j\u00f3venes est\u00e1n participando activamente en la definici\u00f3n de sus propias agendas y en la b\u00fasqueda de soluciones para mejorar sus condiciones de vida y oportunidades formativas para su desarrollo profesional y como parte de la Gran Misi\u00f3n Venezuela Joven.<\/span><\/p>\n<p align=\"justify\">\n<p align=\"justify\"><span style=\"font-family: helvetica, arial, sans-serif; font-size: 14pt;\">Precis\u00f3 Deiber Andrade, es inspirador ver c\u00f3mo la juventud se organiza, elige a sus representantes y se compromete con causas que impactan positivamente en su crecimiento como trabajadores en formaci\u00f3n. \u201cEsta participaci\u00f3n no solo fortalece al movimiento en s\u00ed, sino que, tambi\u00e9n empodera a los j\u00f3venes, fomenta el liderazgo y les brinda la oportunidad de ser agentes de cambio\u201d.<\/span><\/p>\n<p align=\"justify\">\n<p align=\"justify\"><span style=\"font-family: helvetica, arial, sans-serif; font-size: 14pt;\"><span lang=\"es-ES\">Los j\u00f3venes que sean electos por\u00a0<\/span><span lang=\"es-ES\">sus compa\u00f1eros<\/span><span lang=\"es-ES\">, ser\u00e1n los encargados de promover e incentivar la participaci\u00f3n de los estudiantes en las diversas actividades tanto sociales, culturales y deportivas, entre otros.<\/span><\/span><\/p>\n","protected":false},"excerpt":{"rendered":"<p>**Con la finalidad de consolidar esta instancia organizativa y corresponsable para que los j\u00f3venes ejerzan la organizaci\u00f3n participativa y protag\u00f3nica<\/p>\n","protected":false},"author":4,"featured_media":59023,"comment_status":"closed","ping_status":"closed","sticky":false,"template":"","format":"standard","meta":{"footnotes":""},"categories":[2],"tags":[],"class_list":["post-59022","post","type-post","status-publish","format-standard","has-post-thumbnail","hentry","category-blog"],"_links":{"self":[{"href":"https:\/\/inces.gob.ve\/index.php\/wp-json\/wp\/v2\/posts\/59022","targetHints":{"allow":["GET"]}}],"collection":[{"href":"https:\/\/inces.gob.ve\/index.php\/wp-json\/wp\/v2\/posts"}],"about":[{"href":"https:\/\/inces.gob.ve\/index.php\/wp-json\/wp\/v2\/types\/post"}],"author":[{"embeddable":true,"href":"https:\/\/inces.gob.ve\/index.php\/wp-json\/wp\/v2\/users\/4"}],"replies":[{"embeddable":true,"href":"https:\/\/inces.gob.ve\/index.php\/wp-json\/wp\/v2\/comments?post=59022"}],"version-history":[{"count":1,"href":"https:\/\/inces.gob.ve\/index.php\/wp-json\/wp\/v2\/posts\/59022\/revisions"}],"predecessor-version":[{"id":59024,"href":"https:\/\/inces.gob.ve\/index.php\/wp-json\/wp\/v2\/posts\/59022\/revisions\/59024"}],"wp:featuredmedia":[{"embeddable":true,"href":"https:\/\/inces.gob.ve\/index.php\/wp-json\/wp\/v2\/media\/59023"}],"wp:attachment":[{"href":"https:\/\/inces.gob.ve\/index.php\/wp-json\/wp\/v2\/media?parent=59022"}],"wp:term":[{"taxonomy":"category","embeddable":true,"href":"https:\/\/inces.gob.ve\/index.php\/wp-json\/wp\/v2\/categories?post=59022"},{"taxonomy":"post_tag","embeddable":true,"href":"https:\/\/inces.gob.ve\/index.php\/wp-json\/wp\/v2\/tags?post=59022"}],"curies":[{"name":"wp","href":"https:\/\/api.w.org\/{rel}","templated":true}]}}