{"id":59119,"date":"2024-07-16T14:21:12","date_gmt":"2024-07-16T18:21:12","guid":{"rendered":"https:\/\/inces.gob.ve\/?p=59119"},"modified":"2024-07-16T14:21:16","modified_gmt":"2024-07-16T18:21:16","slug":"aragua-el-inces-continua-la-entrega-masiva-de-certificados-2023-desde-barbacoas","status":"publish","type":"post","link":"https:\/\/inces.gob.ve\/index.php\/2024\/07\/16\/aragua-el-inces-continua-la-entrega-masiva-de-certificados-2023-desde-barbacoas\/","title":{"rendered":"ARAGUA | El Inces contin\u00faa la entrega masiva de certificados 2023 desde Barbacoas"},"content":{"rendered":"<div dir=\"auto\" style=\"text-align: justify;\"><em><strong><span style=\"font-family: helvetica, arial, sans-serif; font-size: 14pt;\">* Se potencia la formaci\u00f3n y el fortalecimiento de la econom\u00eda de la regi\u00f3n apostando a la mayor suma de felicidad para el pueblo<\/span><\/strong><\/em><\/div>\n<p><!--more--><\/p>\n<div dir=\"auto\" style=\"text-align: justify;\"><\/div>\n<div dir=\"auto\" style=\"text-align: justify;\"><\/div>\n<div dir=\"auto\" style=\"text-align: justify;\"><\/div>\n<div dir=\"auto\" style=\"text-align: justify;\"><span style=\"font-family: helvetica, arial, sans-serif; font-size: 14pt;\">NINOSKA PATRIZ<\/span><\/div>\n<div dir=\"auto\" style=\"text-align: justify;\"><\/div>\n<div dir=\"auto\" style=\"text-align: justify;\"><\/div>\n<div dir=\"auto\" style=\"text-align: justify;\"><\/div>\n<div dir=\"auto\" style=\"text-align: justify;\"><span style=\"font-family: helvetica, arial, sans-serif; font-size: 14pt;\">La gerente regional del Inces Aragua, Yelitza Rodr\u00edguez, acompa\u00f1\u00f3 la entrega de certificaciones 2023, en el ambiente Barbacoas municipio Urdaneta, junto a su jefe de Centro Abogado Henry Gil. \u201cEn el Inces trabajamos respaldando con hechos los senderos de nuestros participantes, invent\u00e1ndonos para atender las necesidades de cada sector del pa\u00eds. De esta manera reafirmamos con empe\u00f1o, que junto al legado de amor y compromiso con la Patria\u201d, resalt\u00f3 la gerente Inces Aragua.<\/span><\/div>\n<div dir=\"auto\" style=\"text-align: justify;\"><\/div>\n<div dir=\"auto\" style=\"text-align: justify;\"><\/div>\n<div dir=\"auto\" style=\"text-align: justify;\"><span style=\"font-family: helvetica, arial, sans-serif; font-size: 14pt;\">La iniciativa obedeci\u00f3 al cumplimiento de las orientaciones del presidente del Inces Wuikelman Angel Paredes y el presidente de la Rep\u00fablica Bolivariana de Venezuela en funci\u00f3n de seguir avanzando por la patria de Bol\u00edvar y de Ch\u00e1vez. Adem\u00e1s, siendo un sector productivo agropecuario por excelencia, el alcalde del municipio Urdaneta, Sotero Gonz\u00e1lez, atendi\u00f3 al encuentro refiriendo: \u201cEl sector agropecuario y agroindustrial es el principal generador de divisas en nuestro pa\u00eds, liderando la balanza comercial y por ello este d\u00eda, tan significativo, es un gran avance para su pueblo productor, ya que ahora con cada uno de los certificados recibidos, por cada uno de los que aqu\u00ed est\u00e1n aqu\u00ed presentes, sumamos una significativa participaci\u00f3n en el valor agregado de la econom\u00eda nacional\u201d.<\/span><\/div>\n<div dir=\"auto\" style=\"text-align: justify;\"><\/div>\n<div dir=\"auto\" style=\"text-align: justify;\"><\/div>\n<div dir=\"auto\" style=\"text-align: justify;\"><\/div>\n<div dir=\"auto\" style=\"text-align: justify;\"><span style=\"font-family: helvetica, arial, sans-serif; font-size: 14pt;\">La agroindustria es el motor econ\u00f3mico que comprende la industrializaci\u00f3n y comercializaci\u00f3n de productos agropecuarios. En este aspecto, su misi\u00f3n es la de transformar los productos generados desde el campo, agregando valor a los mismos. Desde esta visi\u00f3n, el sur del estado Aragua es una pieza fundamental y estrat\u00e9gica para el desarrollo econ\u00f3mico y social del pa\u00eds. Por tal motivo al cierre de la actividad tambi\u00e9n visitaron la empresa Tomatera Agrourbana con el objetivo de planificar y desarrollar formaciones en dicha entidad de trabajo, en continuidad con los planes de formaci\u00f3n y autoformaci\u00f3n junto al Ministerio del Poder Popular de Agricultura Urbana (Minppau) y la Corporaci\u00f3n Venezolana para la Agricultura Urbana y Periurbana (Cvaup).<\/span><\/div>\n<div dir=\"auto\" style=\"text-align: justify;\"><\/div>\n<div dir=\"auto\" style=\"text-align: justify;\"><\/div>\n<div dir=\"auto\" style=\"text-align: justify;\"><\/div>\n<div dir=\"auto\" style=\"text-align: justify;\"><span style=\"font-family: helvetica, arial, sans-serif; font-size: 14pt;\">\u201cCada vez que impulsamos la formaci\u00f3n t\u00e9cnica profesional, contribuimos a elevar el desempe\u00f1o productivo de esta industria, apuntan al desarrollo end\u00f3geno y sustentable, como por ejemplo desde la generaci\u00f3n de emprendimientos productivos\u201d, coment\u00f3 el jefe de Centro Abogado Henry Gil. \u201cY en este sentido los trabajadores de las diferentes empresas que trabajan cotidianamente son pilares fundamentales para asegurar los niveles de producci\u00f3n con impacto positivo\u201d, finaliz\u00f3.<\/span><\/div>\n","protected":false},"excerpt":{"rendered":"<p>* Se potencia la formaci\u00f3n y el fortalecimiento de la econom\u00eda de la regi\u00f3n apostando a la mayor suma de felicidad para el pueblo<\/p>\n","protected":false},"author":15,"featured_media":59120,"comment_status":"closed","ping_status":"closed","sticky":false,"template":"","format":"standard","meta":{"footnotes":""},"categories":[2],"tags":[],"class_list":["post-59119","post","type-post","status-publish","format-standard","has-post-thumbnail","hentry","category-blog"],"_links":{"self":[{"href":"https:\/\/inces.gob.ve\/index.php\/wp-json\/wp\/v2\/posts\/59119","targetHints":{"allow":["GET"]}}],"collection":[{"href":"https:\/\/inces.gob.ve\/index.php\/wp-json\/wp\/v2\/posts"}],"about":[{"href":"https:\/\/inces.gob.ve\/index.php\/wp-json\/wp\/v2\/types\/post"}],"author":[{"embeddable":true,"href":"https:\/\/inces.gob.ve\/index.php\/wp-json\/wp\/v2\/users\/15"}],"replies":[{"embeddable":true,"href":"https:\/\/inces.gob.ve\/index.php\/wp-json\/wp\/v2\/comments?post=59119"}],"version-history":[{"count":1,"href":"https:\/\/inces.gob.ve\/index.php\/wp-json\/wp\/v2\/posts\/59119\/revisions"}],"predecessor-version":[{"id":59121,"href":"https:\/\/inces.gob.ve\/index.php\/wp-json\/wp\/v2\/posts\/59119\/revisions\/59121"}],"wp:featuredmedia":[{"embeddable":true,"href":"https:\/\/inces.gob.ve\/index.php\/wp-json\/wp\/v2\/media\/59120"}],"wp:attachment":[{"href":"https:\/\/inces.gob.ve\/index.php\/wp-json\/wp\/v2\/media?parent=59119"}],"wp:term":[{"taxonomy":"category","embeddable":true,"href":"https:\/\/inces.gob.ve\/index.php\/wp-json\/wp\/v2\/categories?post=59119"},{"taxonomy":"post_tag","embeddable":true,"href":"https:\/\/inces.gob.ve\/index.php\/wp-json\/wp\/v2\/tags?post=59119"}],"curies":[{"name":"wp","href":"https:\/\/api.w.org\/{rel}","templated":true}]}}