{"id":59128,"date":"2024-07-17T11:52:29","date_gmt":"2024-07-17T15:52:29","guid":{"rendered":"https:\/\/inces.gob.ve\/?p=59128"},"modified":"2024-07-17T13:39:37","modified_gmt":"2024-07-17T17:39:37","slug":"carabobo-encuentro-de-saberes-y-sabores-realizo-cfs-luis-beltran-prieto","status":"publish","type":"post","link":"https:\/\/inces.gob.ve\/index.php\/2024\/07\/17\/carabobo-encuentro-de-saberes-y-sabores-realizo-cfs-luis-beltran-prieto\/","title":{"rendered":"CARABOBO | Encuentro de Saberes y Sabores realiz\u00f3 CFS Luis Beltr\u00e1n Prieto"},"content":{"rendered":"<p dir=\"ltr\" style=\"text-align: justify;\"><em><strong>*<span style=\"font-family: helvetica, arial, sans-serif; font-size: 14pt;\">*La actividad estuvo enmarcada en el cierre de la unidad curricular Pasteler\u00eda y Reposter\u00eda con la degustaci\u00f3n de m\u00e1s de 40 tortas y postres<\/span><\/strong><\/em><!--more--><\/p>\n<p dir=\"ltr\" style=\"text-align: justify;\"><span style=\"font-family: helvetica, arial, sans-serif; font-size: 14pt;\">ATILIA CORTEZ CA\u00d1ADAS<\/span><\/p>\n<p dir=\"ltr\" style=\"text-align: justify;\"><span style=\"font-family: helvetica, arial, sans-serif; font-size: 14pt;\">Desde las instalaciones del centro de formaci\u00f3n socialista (CFS) Luis Beltr\u00e1n Prieto Figueroa de Valencia, se llev\u00f3 a cabo el cierre de la unidad curricular Pasteler\u00eda y Reposter\u00eda, bajo la gu\u00eda de la maestra Elvira Hern\u00e1ndez y su grupo de 35 participantes.\u00a0<\/span><\/p>\n<p dir=\"ltr\" style=\"text-align: justify;\"><span style=\"font-family: helvetica, arial, sans-serif; font-size: 14pt;\">En la actividad estuvieron presentes autoridades del Inces Carabobo, entre las que destacan Olivia Mena, jefa de la Divisi\u00f3n de Talento Humano y Haydee Zambrano, jefa del CFS.<\/span><\/p>\n<p dir=\"ltr\" style=\"text-align: justify;\"><span style=\"font-family: helvetica, arial, sans-serif; font-size: 14pt;\">Tambi\u00e9n es de acotar la participaci\u00f3n de la Comisi\u00f3n Evaluadora Invitada, conformada por los chefs y maestros pasteleros: V\u00edctor Castro, Melissa Rodr\u00edguez, Miriam Herrera y las sous chefs Yanet Morante y Rosa Brice\u00f1o.\u00a0\u00a0<\/span><\/p>\n<p dir=\"ltr\" style=\"text-align: justify;\"><span style=\"font-family: helvetica, arial, sans-serif; font-size: 14pt;\">En este Encuentro de Saberes y Sabores se degust\u00f3 una gran variedad de tortas de nuestro recetario nacional e internacional.<\/span><\/p>\n<p dir=\"ltr\" style=\"text-align: justify;\"><span style=\"font-family: helvetica, arial, sans-serif; font-size: 14pt;\">Con la actividad se evidencia una vez m\u00e1s el gran compromiso de nuestra instituci\u00f3n Inces de formar a todos desde la inclusi\u00f3n, ya que entre los participantes se encontraban un adulto con discapacidad visual y dos j\u00f3venes con discapacidad auditiva y discapacidad en el lenguaje, adem\u00e1s de participar familiares: una madre e hijo, padre e hija, hermana y hermano y una trabajadora del Inces Carabobo.<\/span><\/p>\n","protected":false},"excerpt":{"rendered":"<p>**La actividad estuvo enmarcada en el cierre de la unidad curricular Pasteler\u00eda y Reposter\u00eda con la degustaci\u00f3n de m\u00e1s de 40 tortas y postres<\/p>\n","protected":false},"author":15,"featured_media":59130,"comment_status":"closed","ping_status":"closed","sticky":false,"template":"","format":"standard","meta":{"footnotes":""},"categories":[2],"tags":[],"class_list":["post-59128","post","type-post","status-publish","format-standard","has-post-thumbnail","hentry","category-blog"],"_links":{"self":[{"href":"https:\/\/inces.gob.ve\/index.php\/wp-json\/wp\/v2\/posts\/59128","targetHints":{"allow":["GET"]}}],"collection":[{"href":"https:\/\/inces.gob.ve\/index.php\/wp-json\/wp\/v2\/posts"}],"about":[{"href":"https:\/\/inces.gob.ve\/index.php\/wp-json\/wp\/v2\/types\/post"}],"author":[{"embeddable":true,"href":"https:\/\/inces.gob.ve\/index.php\/wp-json\/wp\/v2\/users\/15"}],"replies":[{"embeddable":true,"href":"https:\/\/inces.gob.ve\/index.php\/wp-json\/wp\/v2\/comments?post=59128"}],"version-history":[{"count":2,"href":"https:\/\/inces.gob.ve\/index.php\/wp-json\/wp\/v2\/posts\/59128\/revisions"}],"predecessor-version":[{"id":59132,"href":"https:\/\/inces.gob.ve\/index.php\/wp-json\/wp\/v2\/posts\/59128\/revisions\/59132"}],"wp:featuredmedia":[{"embeddable":true,"href":"https:\/\/inces.gob.ve\/index.php\/wp-json\/wp\/v2\/media\/59130"}],"wp:attachment":[{"href":"https:\/\/inces.gob.ve\/index.php\/wp-json\/wp\/v2\/media?parent=59128"}],"wp:term":[{"taxonomy":"category","embeddable":true,"href":"https:\/\/inces.gob.ve\/index.php\/wp-json\/wp\/v2\/categories?post=59128"},{"taxonomy":"post_tag","embeddable":true,"href":"https:\/\/inces.gob.ve\/index.php\/wp-json\/wp\/v2\/tags?post=59128"}],"curies":[{"name":"wp","href":"https:\/\/api.w.org\/{rel}","templated":true}]}}