{"id":59193,"date":"2024-07-19T13:42:43","date_gmt":"2024-07-19T17:42:43","guid":{"rendered":"https:\/\/inces.gob.ve\/?p=59193"},"modified":"2024-07-19T15:22:44","modified_gmt":"2024-07-19T19:22:44","slug":"caracas-el-inces-participa-en-la-jornada-el-ministerio-publico-atiende-tu-denuncia-en-la-parroquia","status":"publish","type":"post","link":"https:\/\/inces.gob.ve\/index.php\/2024\/07\/19\/caracas-el-inces-participa-en-la-jornada-el-ministerio-publico-atiende-tu-denuncia-en-la-parroquia\/","title":{"rendered":"CARACAS | El Inces participa en la jornada \u201cEl Ministerio Publico atiende tu denuncia en la parroquia\u201d"},"content":{"rendered":"<div id=\":vp\" class=\"ii gt\">\n<div id=\":wq\" class=\"a3s aiL \">\n<div dir=\"ltr\">\n<div class=\"gmail_quote\">\n<div dir=\"ltr\">\n<h2 style=\"text-align: justify;\"><strong><em><span style=\"font-family: helvetica, arial, sans-serif; font-size: 14pt;\">**A trav\u00e9s de los programas el Ministerio P\u00fablico Atiende tu Denuncia en la Parroquia y el Ministerio P\u00fablico va a tu comunidad, hoy el Inces se suma para atender a la poblaci\u00f3n con formaci\u00f3n de calidad<\/span><\/em><\/strong><\/h2>\n<\/div>\n<\/div>\n<\/div>\n<\/div>\n<\/div>\n<p><!--more--><\/p>\n<div id=\":vp\" class=\"ii gt\">\n<div id=\":wq\" class=\"a3s aiL \">\n<div dir=\"ltr\">\n<div class=\"gmail_quote\">\n<div dir=\"ltr\">\n<p style=\"text-align: justify;\"><span style=\"font-family: helvetica, arial, sans-serif; font-size: 14pt;\">El Instituto Nacional de Capacitaci\u00f3n y Educaci\u00f3n Socialista (Inces) se uni\u00f3 a<strong><i>\u201cEl Ministerio Publico atiende tu denuncia en la parroquia\u201d<\/i><\/strong>, con el objetivo de brindar informaci\u00f3n y captar participantes para sus diversas formaciones. Este evento, tuvo cita en la Plaza Bol\u00edvar de Caracas y reuni\u00f3 a cientos de ciudadanos interesados en mejorar sus habilidades y conocimientos.<\/span><\/p>\n<p style=\"text-align: justify;\"><span style=\"font-family: helvetica, arial, sans-serif; font-size: 14pt;\">Durante la jornada, representantes del Inces Caracas ofrecieron detalles sobre los programas de formaci\u00f3n disponibles, que abarcan desde formaciones t\u00e9cnicas hasta talleres de desarrollo y crecimiento personal.<\/span><\/p>\n<p style=\"text-align: justify;\"><span style=\"font-family: helvetica, arial, sans-serif; font-size: 14pt;\">\u00a0Los asistentes tuvieron la oportunidad de inscribirse directamente en las formaciones de su inter\u00e9s y recibir orientaci\u00f3n personalizada sobre las opciones educativas que mejor se adaptan a sus necesidades.<\/span><\/p>\n<p style=\"text-align: justify;\"><span style=\"font-family: helvetica, arial, sans-serif; font-size: 14pt;\">El Ministerio P\u00fablico, como organizador del evento, destac\u00f3 la importancia de estas iniciativas para fomentar el desarrollo profesional y personal de los ciudadanos, contribuyendo as\u00ed al progreso social y econ\u00f3mico del pa\u00eds. La colaboraci\u00f3n entre el Inces y el Ministerio P\u00fablico refleja el compromiso de ambas instituciones con la educaci\u00f3n y la capacitaci\u00f3n continua.<\/span><\/p>\n<\/div>\n<div class=\"yj6qo\"><\/div>\n<div class=\"adL\"><\/div>\n<\/div>\n<\/div>\n<\/div>\n<\/div>\n<p>&nbsp;<\/p>\n<div id=\":zw\" class=\"hq gt\"><\/div>\n","protected":false},"excerpt":{"rendered":"<p>**A trav\u00e9s de los programas el Ministerio P\u00fablico Atiende tu Denuncia en la Parroquia y el Ministerio P\u00fablico va a tu comunidad, hoy el Inces se suma para atender a la poblaci\u00f3n con formaci\u00f3n de calidad<\/p>\n","protected":false},"author":15,"featured_media":59194,"comment_status":"closed","ping_status":"closed","sticky":false,"template":"","format":"standard","meta":{"footnotes":""},"categories":[2],"tags":[],"class_list":["post-59193","post","type-post","status-publish","format-standard","has-post-thumbnail","hentry","category-blog"],"_links":{"self":[{"href":"https:\/\/inces.gob.ve\/index.php\/wp-json\/wp\/v2\/posts\/59193","targetHints":{"allow":["GET"]}}],"collection":[{"href":"https:\/\/inces.gob.ve\/index.php\/wp-json\/wp\/v2\/posts"}],"about":[{"href":"https:\/\/inces.gob.ve\/index.php\/wp-json\/wp\/v2\/types\/post"}],"author":[{"embeddable":true,"href":"https:\/\/inces.gob.ve\/index.php\/wp-json\/wp\/v2\/users\/15"}],"replies":[{"embeddable":true,"href":"https:\/\/inces.gob.ve\/index.php\/wp-json\/wp\/v2\/comments?post=59193"}],"version-history":[{"count":2,"href":"https:\/\/inces.gob.ve\/index.php\/wp-json\/wp\/v2\/posts\/59193\/revisions"}],"predecessor-version":[{"id":59196,"href":"https:\/\/inces.gob.ve\/index.php\/wp-json\/wp\/v2\/posts\/59193\/revisions\/59196"}],"wp:featuredmedia":[{"embeddable":true,"href":"https:\/\/inces.gob.ve\/index.php\/wp-json\/wp\/v2\/media\/59194"}],"wp:attachment":[{"href":"https:\/\/inces.gob.ve\/index.php\/wp-json\/wp\/v2\/media?parent=59193"}],"wp:term":[{"taxonomy":"category","embeddable":true,"href":"https:\/\/inces.gob.ve\/index.php\/wp-json\/wp\/v2\/categories?post=59193"},{"taxonomy":"post_tag","embeddable":true,"href":"https:\/\/inces.gob.ve\/index.php\/wp-json\/wp\/v2\/tags?post=59193"}],"curies":[{"name":"wp","href":"https:\/\/api.w.org\/{rel}","templated":true}]}}