{"id":59197,"date":"2024-07-22T06:22:46","date_gmt":"2024-07-22T10:22:46","guid":{"rendered":"https:\/\/inces.gob.ve\/?p=59197"},"modified":"2024-07-19T15:28:47","modified_gmt":"2024-07-19T19:28:47","slug":"los-andes-27-meridenos-culminan-el-perfil-productivo-panadero-en-el-inces","status":"publish","type":"post","link":"https:\/\/inces.gob.ve\/index.php\/2024\/07\/22\/los-andes-27-meridenos-culminan-el-perfil-productivo-panadero-en-el-inces\/","title":{"rendered":"LOS ANDES | 27 meride\u00f1os culminan el perfil productivo Panadero en el Inces"},"content":{"rendered":"<p style=\"font-weight: 400; text-align: justify;\"><strong><span style=\"font-family: helvetica, arial, sans-serif; font-size: 14pt;\"><em>** Durante el evento de cierre de la formaci\u00f3n, el Inces otorg\u00f3 certificados a los participantes del primer trimestre 2024<\/em><\/span><\/strong><!--more--><\/p>\n<p>&nbsp;<\/p>\n<p style=\"font-weight: 400; text-align: justify;\"><span style=\"font-family: helvetica, arial, sans-serif; font-size: 14pt;\"><strong>\u00a0 Inces-M\u00e9rida (13-07-24).- <\/strong>\u00a0&#8211; En un acto celebrado en las instalaciones del Centro de Formaci\u00f3n Socialista (CFS) Eliezer Otaiza de la ciudad de M\u00e9rida, se llev\u00f3 a cabo el cierre del perfil productivo\u00a0<em>Panadero<\/em><em>,<\/em>\u00a0correspondiente al primer trimestre del a\u00f1o 2024.<\/span><\/p>\n<p style=\"font-weight: 400; text-align: justify;\"><span style=\"font-family: helvetica, arial, sans-serif; font-size: 14pt;\">En esta ocasi\u00f3n, 27 participantes recibieron sus certificados de culminaci\u00f3n, luego de haber aprobado las unidades curriculares Panader\u00eda artesanal, T\u00e9cnicas de boller\u00eda de harinas alternativas, Conservaci\u00f3n de alimentos y \u00c9tica para la vida, entre otras.<\/span><\/p>\n<p style=\"font-weight: 400; text-align: justify;\"><span style=\"font-family: helvetica, arial, sans-serif; font-size: 14pt;\">\u00a0Las unidades curriculares fueron impartidas por las maestras t\u00e9cnicas productivas Sobeida Molina y Lisseth Guill\u00e9n, quienes se mostraron satisfechas con el desempe\u00f1o de los participantes y destacaron su compromiso y entusiasmo durante todo el proceso de formaci\u00f3n.<\/span><\/p>\n<p>&nbsp;<\/p>\n<p><img loading=\"lazy\" decoding=\"async\" class=\"aligncenter wp-image-59198 \" src=\"https:\/\/inces.gob.ve\/wp-content\/uploads\/2024\/07\/PANADERIA-1-e1721417169297.jpg\" alt=\"\" width=\"653\" height=\"653\" \/><\/p>\n<p style=\"font-weight: 400; text-align: justify;\"><span style=\"font-family: helvetica, arial, sans-serif; font-size: 14pt;\">\u00a0El acto de entrega de certificados estuvo presidido por las autoridades del Inces M\u00e9rida, quienes felicitaron a los nuevos panaderos por su logro y los exhortaron a utilizar los conocimientos y habilidades adquiridas para emprender sus propios negocios o incorporarse al mercado laboral en el \u00e1rea de la panader\u00eda.<\/span><\/p>\n<p style=\"font-weight: 400; text-align: justify;\"><span style=\"font-family: helvetica, arial, sans-serif; font-size: 14pt;\">\u00a0De esta manera, el Inces M\u00e9rida contin\u00faa su labor de formar a venezolanos y venezolanas en diferentes \u00e1reas productivas, contribuyendo as\u00ed al desarrollo econ\u00f3mico y social del pa\u00eds.<\/span><\/p>\n<p style=\"font-weight: 400; text-align: justify;\"><strong>NADIA LOBO | M\u00e9rida<\/strong><\/p>\n","protected":false},"excerpt":{"rendered":"<p>** Durante el evento de cierre de la formaci\u00f3n, el Inces otorg\u00f3 certificados a los participantes del primer trimestre 2024<\/p>\n","protected":false},"author":15,"featured_media":59199,"comment_status":"closed","ping_status":"closed","sticky":false,"template":"","format":"standard","meta":{"footnotes":""},"categories":[2],"tags":[],"class_list":["post-59197","post","type-post","status-publish","format-standard","has-post-thumbnail","hentry","category-blog"],"_links":{"self":[{"href":"https:\/\/inces.gob.ve\/index.php\/wp-json\/wp\/v2\/posts\/59197","targetHints":{"allow":["GET"]}}],"collection":[{"href":"https:\/\/inces.gob.ve\/index.php\/wp-json\/wp\/v2\/posts"}],"about":[{"href":"https:\/\/inces.gob.ve\/index.php\/wp-json\/wp\/v2\/types\/post"}],"author":[{"embeddable":true,"href":"https:\/\/inces.gob.ve\/index.php\/wp-json\/wp\/v2\/users\/15"}],"replies":[{"embeddable":true,"href":"https:\/\/inces.gob.ve\/index.php\/wp-json\/wp\/v2\/comments?post=59197"}],"version-history":[{"count":2,"href":"https:\/\/inces.gob.ve\/index.php\/wp-json\/wp\/v2\/posts\/59197\/revisions"}],"predecessor-version":[{"id":59201,"href":"https:\/\/inces.gob.ve\/index.php\/wp-json\/wp\/v2\/posts\/59197\/revisions\/59201"}],"wp:featuredmedia":[{"embeddable":true,"href":"https:\/\/inces.gob.ve\/index.php\/wp-json\/wp\/v2\/media\/59199"}],"wp:attachment":[{"href":"https:\/\/inces.gob.ve\/index.php\/wp-json\/wp\/v2\/media?parent=59197"}],"wp:term":[{"taxonomy":"category","embeddable":true,"href":"https:\/\/inces.gob.ve\/index.php\/wp-json\/wp\/v2\/categories?post=59197"},{"taxonomy":"post_tag","embeddable":true,"href":"https:\/\/inces.gob.ve\/index.php\/wp-json\/wp\/v2\/tags?post=59197"}],"curies":[{"name":"wp","href":"https:\/\/api.w.org\/{rel}","templated":true}]}}