{"id":59202,"date":"2024-07-22T07:30:20","date_gmt":"2024-07-22T11:30:20","guid":{"rendered":"https:\/\/inces.gob.ve\/?p=59202"},"modified":"2024-07-19T16:59:55","modified_gmt":"2024-07-19T20:59:55","slug":"falcon-inces-dijo-presente-en-el-encuentro-integrador-de-la-gran-mision-venezuela-mujer","status":"publish","type":"post","link":"https:\/\/inces.gob.ve\/index.php\/2024\/07\/22\/falcon-inces-dijo-presente-en-el-encuentro-integrador-de-la-gran-mision-venezuela-mujer\/","title":{"rendered":"FALC\u00d3N | Inces dijo presente en el Encuentro Integrador de la Gran Misi\u00f3n Venezuela Mujer"},"content":{"rendered":"<p style=\"text-align: justify;\" align=\"center\"><em><strong><span style=\"font-family: helvetica, arial, sans-serif; font-size: 14pt;\">**Mujeres de la Vanguardia de la instituci\u00f3n hicieron acto de presencia con exposiciones en las \u00e1reas de confecci\u00f3n, panader\u00eda y reposter\u00eda<\/span><\/strong><\/em><!--more--><\/p>\n<p style=\"text-align: justify;\" align=\"center\"><span style=\"font-family: helvetica, arial, sans-serif; font-size: 14pt;\"><b>MIRIAM GONZ\u00c1LEZ VILLARROEL<\/b><\/span><\/p>\n<p style=\"text-align: justify;\" align=\"center\"><span style=\"font-family: helvetica, arial, sans-serif; font-size: 14pt;\">En los espacios\u00a0del\u00a0<em>Sal\u00f3n de\u00a0<\/em><em>S<\/em><em>esiones<\/em>\u00a0\u00abAl\u00ed Primera\u00bb del Consejo Legislativo del estado Falc\u00f3n\u00a0(Clef) en la ciudad de Santa Ana de Coro, un grupo de mujeres de\u00a0la Vanguardia Inces se hicieron presente en el Encuentro Integrador de la Gran Misi\u00f3n Venezuela Mujer. Maestras t\u00e9cnicas productivas acompa\u00f1adas con representantes del centro de formaci\u00f3n \u00abJos\u00e9 Leonardo Chirino\u00bb, Unidad de Asistencia Integral al Participante y Comunicaci\u00f3n, realizaron exposiciones en las \u00e1reas de: Confecci\u00f3n, Panader\u00eda y Reposter\u00eda.<\/span><\/p>\n<p style=\"text-align: justify;\" align=\"justify\"><span style=\"font-family: helvetica, arial, sans-serif; font-size: 14pt;\">En esta acci\u00f3n que reuni\u00f3 a las mujeres falconianas en un solo sentir, Rosan Ruiz, coordinadora de la Gran Misi\u00f3n Venezuela Mujer del estado de Falc\u00f3n, precis\u00f3 que el encuentro de Mujeres realizado en el Consejo Legislativo, fue un encuentro para hablar un poco sobre las propuestas que se han venido desarrollando a trav\u00e9s de mesas de trabajo con los diferentes sectores de mujeres comuneras, mujeres parlamentarias, mujeres de los movimientos sociales, mujeres del gran polo patri\u00f3tico, de las instituciones, para desarrollar lo que va a ser la construcci\u00f3n del Agenda 2024-2030 para la igualdad y equidad de g\u00e9nero.<\/span><\/p>\n<p style=\"text-align: justify;\"><img loading=\"lazy\" decoding=\"async\" class=\"aligncenter wp-image-59204 size-full\" src=\"https:\/\/inces.gob.ve\/wp-content\/uploads\/2024\/07\/MISION-MUJER-VENEZUELA-6.jpg\" alt=\"\" width=\"800\" height=\"450\" srcset=\"https:\/\/inces.gob.ve\/wp-content\/uploads\/2024\/07\/MISION-MUJER-VENEZUELA-6.jpg 800w, https:\/\/inces.gob.ve\/wp-content\/uploads\/2024\/07\/MISION-MUJER-VENEZUELA-6-300x169.jpg 300w, https:\/\/inces.gob.ve\/wp-content\/uploads\/2024\/07\/MISION-MUJER-VENEZUELA-6-768x432.jpg 768w\" sizes=\"auto, (max-width: 800px) 100vw, 800px\" \/><\/p>\n<p style=\"text-align: justify;\" align=\"justify\"><span style=\"font-family: helvetica, arial, sans-serif; font-size: 14pt;\">Precis\u00f3 Ruiz, la participaci\u00f3n del Inces y las Mujeres de la Vanguardia en el Encuentro Integrador de la Gran Misi\u00f3n Venezuela Mujer en Falc\u00f3n, son un claro ejemplo de que el Gobierno Nacional promueve la igualdad y equidad de g\u00e9nero y el papel significativo de las mujeres en la sociedad es fundamental y cada vez m\u00e1s reconocido. Esta actividad es una gran oportunidad para resaltar el aporte y la importancia de las mujeres en todos los \u00e1mbitos.<\/span><\/p>\n<p style=\"text-align: justify;\" align=\"justify\"><span style=\"font-family: helvetica, arial, sans-serif; font-size: 14pt;\">Por su parte Jenifer Soto, jefe del centro de formaci\u00f3n \u201cJos\u00e9 Leonardo Chirino\u201d, manifest\u00f3: \u201cEs bien importante que el Inces haya participado en este evento con sus maestras, en \u00e1reas tan importantes como la Confecci\u00f3n, Panader\u00eda y Reposter\u00eda, porque con estas muestras, se da a conocer como la instituci\u00f3n brinda oportunidades de formaci\u00f3n y desarrollo a las mujeres, a partir de la formaci\u00f3n t\u00e9cnica profesional que promueve las habilidades t\u00e9cnicas y productivas\u201d.<\/span><\/p>\n<p style=\"text-align: justify;\" align=\"justify\"><span style=\"font-family: helvetica, arial, sans-serif; font-size: 14pt;\">La articulaci\u00f3n del Inces con la Gran Misi\u00f3n Venezuela Mujer es realmente valiosa, ya que fortalece la formaci\u00f3n y el empoderamiento de las mujeres en diversas \u00e1reas t\u00e9cnicas y productivas. \u201cEs\u00a0bien importante\u00a0ver c\u00f3mo se unen esfuerzos para promover la igualdad de g\u00e9nero y el crecimiento personal y profesional de las mujeres\u201d.<\/span><\/p>\n","protected":false},"excerpt":{"rendered":"<p>**Mujeres de la Vanguardia de la instituci\u00f3n hicieron acto de presencia con exposiciones en las \u00e1reas de confecci\u00f3n, panader\u00eda y reposter\u00eda<\/p>\n","protected":false},"author":15,"featured_media":59203,"comment_status":"closed","ping_status":"closed","sticky":false,"template":"","format":"standard","meta":{"footnotes":""},"categories":[2],"tags":[],"class_list":["post-59202","post","type-post","status-publish","format-standard","has-post-thumbnail","hentry","category-blog"],"_links":{"self":[{"href":"https:\/\/inces.gob.ve\/index.php\/wp-json\/wp\/v2\/posts\/59202","targetHints":{"allow":["GET"]}}],"collection":[{"href":"https:\/\/inces.gob.ve\/index.php\/wp-json\/wp\/v2\/posts"}],"about":[{"href":"https:\/\/inces.gob.ve\/index.php\/wp-json\/wp\/v2\/types\/post"}],"author":[{"embeddable":true,"href":"https:\/\/inces.gob.ve\/index.php\/wp-json\/wp\/v2\/users\/15"}],"replies":[{"embeddable":true,"href":"https:\/\/inces.gob.ve\/index.php\/wp-json\/wp\/v2\/comments?post=59202"}],"version-history":[{"count":2,"href":"https:\/\/inces.gob.ve\/index.php\/wp-json\/wp\/v2\/posts\/59202\/revisions"}],"predecessor-version":[{"id":59206,"href":"https:\/\/inces.gob.ve\/index.php\/wp-json\/wp\/v2\/posts\/59202\/revisions\/59206"}],"wp:featuredmedia":[{"embeddable":true,"href":"https:\/\/inces.gob.ve\/index.php\/wp-json\/wp\/v2\/media\/59203"}],"wp:attachment":[{"href":"https:\/\/inces.gob.ve\/index.php\/wp-json\/wp\/v2\/media?parent=59202"}],"wp:term":[{"taxonomy":"category","embeddable":true,"href":"https:\/\/inces.gob.ve\/index.php\/wp-json\/wp\/v2\/categories?post=59202"},{"taxonomy":"post_tag","embeddable":true,"href":"https:\/\/inces.gob.ve\/index.php\/wp-json\/wp\/v2\/tags?post=59202"}],"curies":[{"name":"wp","href":"https:\/\/api.w.org\/{rel}","templated":true}]}}