{"id":59224,"date":"2024-07-22T16:24:25","date_gmt":"2024-07-22T20:24:25","guid":{"rendered":"https:\/\/inces.gob.ve\/?p=59224"},"modified":"2024-07-22T16:25:40","modified_gmt":"2024-07-22T20:25:40","slug":"aragua-inces-dio-a-conocer-cifras-regionales-desde-su-programa-radial","status":"publish","type":"post","link":"https:\/\/inces.gob.ve\/index.php\/2024\/07\/22\/aragua-inces-dio-a-conocer-cifras-regionales-desde-su-programa-radial\/","title":{"rendered":"ARAGUA | Inces dio a conocer cifras regionales desde su programa radial"},"content":{"rendered":"<p style=\"text-align: justify;\"><em><strong><span style=\"font-family: helvetica, arial, sans-serif; font-size: 14pt;\">** La informaci\u00f3n fue suministrada por la coordinadora de la Gran Misi\u00f3n Venezuela Mujer, Encadenamiento Productivo, Neyda Medina y el supervisor\u00a0docente del CFS Comercial Maracay Gonzalo P\u00e9rez<\/span><\/strong><\/em><!--more--><\/p>\n<p style=\"text-align: justify;\"><span style=\"font-family: helvetica, arial, sans-serif; font-size: 14pt;\">ANA RODR\u00cdGUEZ<\/span><\/p>\n<p style=\"text-align: justify;\"><span style=\"font-family: helvetica, arial, sans-serif; font-size: 14pt;\">En la primera parte del programa Somos Inces Radio Aragua, la coordinadora de Encadenamiento Productivo y Gran Misi\u00f3n Venezuela Mujer, Neyda Medina, destac\u00f3 la importancia de la vinculaci\u00f3n\u00a0con la Gran Misi\u00f3n Venezuela Mujer.<\/span><\/p>\n<p style=\"text-align: justify;\"><span style=\"font-family: helvetica, arial, sans-serif; font-size: 14pt;\">M\u00e1s all\u00e1 del Inces, esta iniciativa involucr\u00f3 a una mesa t\u00e9cnica regional conformada por la Escuela Feminista del Sur Argelia Laya, Misi\u00f3n Sucre, Misi\u00f3n Robinson, la Autoridad \u00danica de Educaci\u00f3n, entre otros. Juntos conformando un equipo comprometido que est\u00e1 dejando huella en el \u00e1mbito formativo.<\/span><\/p>\n<p style=\"text-align: justify;\"><span style=\"font-family: helvetica, arial, sans-serif; font-size: 14pt;\">Medina resalt\u00f3 que todas las opciones formativas del Inces est\u00e1n alineadas con la Gran Misi\u00f3n Venezuela Mujer. En la sede de la regi\u00f3n Aragua se encuentra la Escuela de Emprendimiento, y a trav\u00e9s del campo virtual se ofrecen formaciones en \u00e1reas como marketing, publicidad, mercadeo, entre otras.<\/span><\/p>\n<p style=\"text-align: justify;\"><span style=\"font-family: helvetica, arial, sans-serif; font-size: 14pt;\">Actualmente hay 8.944 mujeres en proceso formativo, se han culminado 31.294 formaciones y se cuenta con 450 espacios formativos para atender a mujeres en admisi\u00f3n.<\/span><\/p>\n<p style=\"text-align: justify;\"><span style=\"font-family: helvetica, arial, sans-serif; font-size: 14pt;\">En la segunda parte del programa,\u00a0el supervisor docente del CFS Comercial Maracay, Gonzalo P\u00e9rez indic\u00f3 que\u00a0 tienen varias metas para el a\u00f1o 2024, y la primera de ellas es la implementaci\u00f3n de perfiles productivos.<\/span><\/p>\n<p style=\"text-align: justify;\"><span style=\"font-family: helvetica, arial, sans-serif; font-size: 14pt;\">Cuenta con varios profesores y maestros voluntarios, as\u00ed como diversas formaciones en \u00e1reas como administraci\u00f3n, recursos humanos, legislaci\u00f3n y muchos otros perfiles formativos en las que los j\u00f3venes pueden prepararse. En el \u00e1rea de recursos humanos, se ofrece un total de 14 unidades curriculares en formaci\u00f3n administrativa con certificaci\u00f3n Inces, la cual es de vital importancia a nivel nacional e internacional.<\/span><\/p>\n<p style=\"text-align: justify;\"><span style=\"font-family: helvetica, arial, sans-serif; font-size: 14pt;\">P\u00e9rez enfatiz\u00f3 que est\u00e1n comprometidos en atender a las comunidades a trav\u00e9s del Inces, siguiendo las directrices nacionales, regionales y locales. Adem\u00e1s, Inces cuenta con una p\u00e1gina web que permite el acceso al campo virtual y optar por la formaci\u00f3n que sea de su inter\u00e9s.<\/span><\/p>\n<p style=\"text-align: justify;\"><span style=\"font-family: helvetica, arial, sans-serif; font-size: 14pt;\">P\u00e9rez subray\u00f3 que 27 j\u00f3venes estar\u00e1n gradu\u00e1ndose en agosto y ser\u00e1n ubicados en empresas para continuar su formaci\u00f3n y promover un desarrollo integral de talento joven.<\/span><\/p>\n","protected":false},"excerpt":{"rendered":"<p>** La informaci\u00f3n fue suministrada por la coordinadora de la Gran Misi\u00f3n Venezuela Mujer, Encadenamiento Productivo, Neyda Medina y el supervisor\u00a0docente del CFS Comercial Maracay Gonzalo P\u00e9rez<\/p>\n","protected":false},"author":15,"featured_media":59225,"comment_status":"closed","ping_status":"closed","sticky":false,"template":"","format":"standard","meta":{"footnotes":""},"categories":[2],"tags":[],"class_list":["post-59224","post","type-post","status-publish","format-standard","has-post-thumbnail","hentry","category-blog"],"_links":{"self":[{"href":"https:\/\/inces.gob.ve\/index.php\/wp-json\/wp\/v2\/posts\/59224","targetHints":{"allow":["GET"]}}],"collection":[{"href":"https:\/\/inces.gob.ve\/index.php\/wp-json\/wp\/v2\/posts"}],"about":[{"href":"https:\/\/inces.gob.ve\/index.php\/wp-json\/wp\/v2\/types\/post"}],"author":[{"embeddable":true,"href":"https:\/\/inces.gob.ve\/index.php\/wp-json\/wp\/v2\/users\/15"}],"replies":[{"embeddable":true,"href":"https:\/\/inces.gob.ve\/index.php\/wp-json\/wp\/v2\/comments?post=59224"}],"version-history":[{"count":2,"href":"https:\/\/inces.gob.ve\/index.php\/wp-json\/wp\/v2\/posts\/59224\/revisions"}],"predecessor-version":[{"id":59227,"href":"https:\/\/inces.gob.ve\/index.php\/wp-json\/wp\/v2\/posts\/59224\/revisions\/59227"}],"wp:featuredmedia":[{"embeddable":true,"href":"https:\/\/inces.gob.ve\/index.php\/wp-json\/wp\/v2\/media\/59225"}],"wp:attachment":[{"href":"https:\/\/inces.gob.ve\/index.php\/wp-json\/wp\/v2\/media?parent=59224"}],"wp:term":[{"taxonomy":"category","embeddable":true,"href":"https:\/\/inces.gob.ve\/index.php\/wp-json\/wp\/v2\/categories?post=59224"},{"taxonomy":"post_tag","embeddable":true,"href":"https:\/\/inces.gob.ve\/index.php\/wp-json\/wp\/v2\/tags?post=59224"}],"curies":[{"name":"wp","href":"https:\/\/api.w.org\/{rel}","templated":true}]}}