{"id":59249,"date":"2024-07-23T15:28:52","date_gmt":"2024-07-23T19:28:52","guid":{"rendered":"https:\/\/inces.gob.ve\/?p=59249"},"modified":"2024-07-23T15:47:58","modified_gmt":"2024-07-23T19:47:58","slug":"amazonas-se-celebraron-elecciones-para-los-voceros-del-movimiento-somos-aprendices","status":"publish","type":"post","link":"https:\/\/inces.gob.ve\/index.php\/2024\/07\/23\/amazonas-se-celebraron-elecciones-para-los-voceros-del-movimiento-somos-aprendices\/","title":{"rendered":"AMAZONAS | Se celebraron elecciones para los voceros del Movimiento Somos Aprendices"},"content":{"rendered":"<p style=\"text-align: justify;\"><span style=\"font-family: helvetica, arial, sans-serif; font-size: 14pt;\"><strong>**La finalidad es contribuir con el bienestar colectivo de la juventud que hace vida en el Inces<\/strong><\/span><!--more--><\/p>\n<p style=\"text-align: justify;\"><span style=\"font-family: helvetica, arial, sans-serif; font-size: 14pt;\"><strong>FELIX RUIZ<\/strong><\/span><\/p>\n<p style=\"text-align: justify;\"><span style=\"font-family: helvetica, arial, sans-serif; font-size: 14pt;\">Aprendices realizaron elecciones para el Movimiento Nacional de Aprendices,\u00a0los j\u00f3venes eligieron por voto secreto y directo\u00a0la estructura de las vocer\u00edas del Movimiento Somos Aprendices,\u00a0las cuales asumir\u00e1n en \u00e1reas como: Comunicaci\u00f3n, Cultura, Deporte y Recreaci\u00f3n, Producci\u00f3n e Innovaci\u00f3n, entre otros.\u00a0<\/span><\/p>\n<p style=\"text-align: justify;\"><span style=\"font-family: helvetica, arial, sans-serif; font-size: 14pt;\">De esta forma, se canalizan las inquietudes y\u00a0propuestas enmarcadas en la formaci\u00f3n t\u00e9cnica profesional, asegurando que sus voces sean escuchadas y consideradas en las decisiones, todo esto para fortalecer el programa, en pro de la formaci\u00f3n integral y el bienestar colectivo de los j\u00f3venes aprendices.<\/span><\/p>\n<p>&nbsp;<\/p>\n<p><img loading=\"lazy\" decoding=\"async\" class=\"aligncenter wp-image-59255 size-full\" src=\"https:\/\/inces.gob.ve\/wp-content\/uploads\/2024\/07\/WhatsApp-Image-2024-07-18-at-1.23.26-PM-e1721762891816.jpeg\" alt=\"\" width=\"800\" height=\"462\" \/><\/p>\n<p style=\"text-align: justify;\"><span style=\"font-family: helvetica, arial, sans-serif; font-size: 14pt;\">Con esta iniciativa tenemos el compromiso de ofrecerle a nuestra juventud las herramientas necesarias, valorando las capacidades de los aprendices con el objetivo de prepararlos y formarlos para un futuro productivo.<\/span><\/p>\n<p style=\"text-align: justify;\"><span style=\"font-family: helvetica, arial, sans-serif; font-size: 14pt;\">La actividad cont\u00f3 con la participaci\u00f3n de todos los j\u00f3venes aprendices en formaci\u00f3n, con el apoyo del coordinador de Juventud Productiva, Adri\u00e1n N\u00fa\u00f1ez y la responsable del Programa Nacional de Aprendizaje (PNA) Yulaisy Arena, junto a su equipo de trabajo.<\/span><\/p>\n<p style=\"text-align: justify;\"><span style=\"font-family: helvetica, arial, sans-serif; font-size: 14pt;\">Cabe mencionar que los j\u00f3venes aprendices son trabajadores que se encuentran en formaci\u00f3n dentro de las diferentes empresas, bajo la modalidad inter-empresa, en la ocupaci\u00f3n de Asistente Administrativo, dirigida bajo la formaci\u00f3n t\u00e9cnica profesional.<\/span><\/p>\n<p style=\"text-align: justify;\"><span style=\"font-family: helvetica, arial, sans-serif; font-size: 14pt;\">Esta actividad fue realizada en las instalaciones del Centro de Formaci\u00f3n Socialista (CFS) Cacique Aramare de la ciudad de Puerto Ayacucho.<\/span><\/p>\n","protected":false},"excerpt":{"rendered":"<p>**La finalidad es contribuir con el bienestar colectivo de la juventud que hace vida en el Inces<\/p>\n","protected":false},"author":15,"featured_media":59256,"comment_status":"closed","ping_status":"closed","sticky":false,"template":"","format":"standard","meta":{"footnotes":""},"categories":[2],"tags":[],"class_list":["post-59249","post","type-post","status-publish","format-standard","has-post-thumbnail","hentry","category-blog"],"_links":{"self":[{"href":"https:\/\/inces.gob.ve\/index.php\/wp-json\/wp\/v2\/posts\/59249","targetHints":{"allow":["GET"]}}],"collection":[{"href":"https:\/\/inces.gob.ve\/index.php\/wp-json\/wp\/v2\/posts"}],"about":[{"href":"https:\/\/inces.gob.ve\/index.php\/wp-json\/wp\/v2\/types\/post"}],"author":[{"embeddable":true,"href":"https:\/\/inces.gob.ve\/index.php\/wp-json\/wp\/v2\/users\/15"}],"replies":[{"embeddable":true,"href":"https:\/\/inces.gob.ve\/index.php\/wp-json\/wp\/v2\/comments?post=59249"}],"version-history":[{"count":1,"href":"https:\/\/inces.gob.ve\/index.php\/wp-json\/wp\/v2\/posts\/59249\/revisions"}],"predecessor-version":[{"id":59257,"href":"https:\/\/inces.gob.ve\/index.php\/wp-json\/wp\/v2\/posts\/59249\/revisions\/59257"}],"wp:featuredmedia":[{"embeddable":true,"href":"https:\/\/inces.gob.ve\/index.php\/wp-json\/wp\/v2\/media\/59256"}],"wp:attachment":[{"href":"https:\/\/inces.gob.ve\/index.php\/wp-json\/wp\/v2\/media?parent=59249"}],"wp:term":[{"taxonomy":"category","embeddable":true,"href":"https:\/\/inces.gob.ve\/index.php\/wp-json\/wp\/v2\/categories?post=59249"},{"taxonomy":"post_tag","embeddable":true,"href":"https:\/\/inces.gob.ve\/index.php\/wp-json\/wp\/v2\/tags?post=59249"}],"curies":[{"name":"wp","href":"https:\/\/api.w.org\/{rel}","templated":true}]}}