{"id":59270,"date":"2024-07-25T14:02:32","date_gmt":"2024-07-25T18:02:32","guid":{"rendered":"https:\/\/inces.gob.ve\/?p=59270"},"modified":"2024-07-25T14:12:39","modified_gmt":"2024-07-25T18:12:39","slug":"periodistas-adultos-y-adultas-del-club-william-lara-se-forman-en-la-escuela-de-medios-y-comunicacion-del-inces","status":"publish","type":"post","link":"https:\/\/inces.gob.ve\/index.php\/2024\/07\/25\/periodistas-adultos-y-adultas-del-club-william-lara-se-forman-en-la-escuela-de-medios-y-comunicacion-del-inces\/","title":{"rendered":"Periodistas Adultos y Adultas del Club William Lara se forman en la Escuela de Medios y Comunicaci\u00f3n del Inces"},"content":{"rendered":"<p style=\"text-align: justify;\"><em><strong><span style=\"font-family: helvetica, arial, sans-serif; font-size: 14pt;\">** La EMCI atiende a nuevos talentos, a profesionales y a un variopinto p\u00fablico<\/span><\/strong><\/em><!--more--><\/p>\n<p>&nbsp;<\/p>\n<p>&nbsp;<\/p>\n<p style=\"text-align: justify;\"><strong><span style=\"font-family: helvetica, arial, sans-serif; font-size: 14pt;\">LONGINA TOVAR<\/span><\/strong><\/p>\n<p style=\"text-align: justify;\"><span style=\"font-family: helvetica, arial, sans-serif; font-size: 14pt;\">El Club de Periodistas Adultos y Adultas Mayores William Lara est\u00e1 recibiendo formaci\u00f3n en la Escuela de Medios y Comunicaci\u00f3n Social del Instituto Nacional de Capacitaci\u00f3n y Educaci\u00f3n Socialista (INCES), con el objetivo de actualizar sus conocimientos sobre las nuevas tendencias comunicacionales.<\/span><\/p>\n<p>&nbsp;<\/p>\n<p style=\"text-align: justify;\"><span style=\"font-family: helvetica, arial, sans-serif; font-size: 14pt;\">Este grupo de profesionales, quienes suman d\u00e9cadas de experiencia en el campo del periodismo, est\u00e1n aprendiendo sobre redacci\u00f3n web, creaci\u00f3n de contenidos con inteligencia artificial y administraci\u00f3n de redes sociales, de la mano de docentes de alta calidad como Ver\u00f3nica D\u00edaz, Aguasanta Moreno y Luz Cornejo.<\/span><\/p>\n<p><img loading=\"lazy\" decoding=\"async\" class=\"aligncenter wp-image-59272 size-large\" src=\"https:\/\/inces.gob.ve\/wp-content\/uploads\/2024\/07\/IMG_1833-1024x683.jpg\" alt=\"\" width=\"640\" height=\"427\" srcset=\"https:\/\/inces.gob.ve\/wp-content\/uploads\/2024\/07\/IMG_1833-1024x683.jpg 1024w, https:\/\/inces.gob.ve\/wp-content\/uploads\/2024\/07\/IMG_1833-300x200.jpg 300w, https:\/\/inces.gob.ve\/wp-content\/uploads\/2024\/07\/IMG_1833-768x512.jpg 768w, https:\/\/inces.gob.ve\/wp-content\/uploads\/2024\/07\/IMG_1833-1536x1024.jpg 1536w, https:\/\/inces.gob.ve\/wp-content\/uploads\/2024\/07\/IMG_1833-2048x1365.jpg 2048w, https:\/\/inces.gob.ve\/wp-content\/uploads\/2024\/07\/IMG_1833-272x182.jpg 272w\" sizes=\"auto, (max-width: 640px) 100vw, 640px\" \/><\/p>\n<p>&nbsp;<\/p>\n<p style=\"text-align: justify;\"><span style=\"font-family: helvetica, arial, sans-serif; font-size: 14pt;\">La iniciativa surge tras la organizaci\u00f3n de los periodistas chavistas de la Universidad Central de Venezuela (UCV) para las elecciones de egresados en 2022, donde la participaci\u00f3n de la tercera edad fue clave. Posteriormente, este grupo de profesionales se mantuvo activo en un chat virtual llamado \u00abVanguardia Period\u00edstica\u00bb, desde donde han organizado diversas actividades.<\/span><\/p>\n<p>&nbsp;<\/p>\n<p style=\"text-align: justify;\"><span style=\"font-family: helvetica, arial, sans-serif; font-size: 14pt;\">Ahora, con el apoyo institucional y el impulso del presidente Nicol\u00e1s Maduro hacia el sector de la tercera edad, el Club de Periodistas Adultos y Adultas Mayores William Lara espera poder crecer y aportar su capacidad creativa y productiva a la sociedad venezolana.<\/span><\/p>\n<p>&nbsp;<\/p>\n<p style=\"text-align: justify;\"><span style=\"font-family: helvetica, arial, sans-serif; font-size: 14pt;\">La formaci\u00f3n se llevar\u00e1 a cabo del 23 al 25 de julio en las instalaciones del Inces y se reiniciar\u00e1 el pr\u00f3ximo 2 de agosto.<\/span><\/p>\n","protected":false},"excerpt":{"rendered":"<p>** La EMCI atiende a nuevos talentos, a profesionales y a un variopinto p\u00fablico<\/p>\n","protected":false},"author":4,"featured_media":59271,"comment_status":"closed","ping_status":"closed","sticky":false,"template":"","format":"standard","meta":{"footnotes":""},"categories":[2],"tags":[],"class_list":["post-59270","post","type-post","status-publish","format-standard","has-post-thumbnail","hentry","category-blog"],"_links":{"self":[{"href":"https:\/\/inces.gob.ve\/index.php\/wp-json\/wp\/v2\/posts\/59270","targetHints":{"allow":["GET"]}}],"collection":[{"href":"https:\/\/inces.gob.ve\/index.php\/wp-json\/wp\/v2\/posts"}],"about":[{"href":"https:\/\/inces.gob.ve\/index.php\/wp-json\/wp\/v2\/types\/post"}],"author":[{"embeddable":true,"href":"https:\/\/inces.gob.ve\/index.php\/wp-json\/wp\/v2\/users\/4"}],"replies":[{"embeddable":true,"href":"https:\/\/inces.gob.ve\/index.php\/wp-json\/wp\/v2\/comments?post=59270"}],"version-history":[{"count":2,"href":"https:\/\/inces.gob.ve\/index.php\/wp-json\/wp\/v2\/posts\/59270\/revisions"}],"predecessor-version":[{"id":59274,"href":"https:\/\/inces.gob.ve\/index.php\/wp-json\/wp\/v2\/posts\/59270\/revisions\/59274"}],"wp:featuredmedia":[{"embeddable":true,"href":"https:\/\/inces.gob.ve\/index.php\/wp-json\/wp\/v2\/media\/59271"}],"wp:attachment":[{"href":"https:\/\/inces.gob.ve\/index.php\/wp-json\/wp\/v2\/media?parent=59270"}],"wp:term":[{"taxonomy":"category","embeddable":true,"href":"https:\/\/inces.gob.ve\/index.php\/wp-json\/wp\/v2\/categories?post=59270"},{"taxonomy":"post_tag","embeddable":true,"href":"https:\/\/inces.gob.ve\/index.php\/wp-json\/wp\/v2\/tags?post=59270"}],"curies":[{"name":"wp","href":"https:\/\/api.w.org\/{rel}","templated":true}]}}