{"id":59305,"date":"2024-07-26T10:49:59","date_gmt":"2024-07-26T14:49:59","guid":{"rendered":"https:\/\/inces.gob.ve\/?p=59305"},"modified":"2024-07-26T10:50:03","modified_gmt":"2024-07-26T14:50:03","slug":"zulia-el-inces-brillo-en-la-i-expo-internacional-automotriz","status":"publish","type":"post","link":"https:\/\/inces.gob.ve\/index.php\/2024\/07\/26\/zulia-el-inces-brillo-en-la-i-expo-internacional-automotriz\/","title":{"rendered":"ZULIA  | El Inces brill\u00f3 en la I Expo Internacional Automotriz"},"content":{"rendered":"<div dir=\"auto\" style=\"text-align: justify;\"><em><strong><span style=\"font-family: helvetica, arial, sans-serif; font-size: 14pt;\">** Cientos de visitantes y expositores del evento internacional conocieron los perfiles productivos laborales que ofrece el Inces, en el motor automotriz, mientras que 180 aprendices recibieron capacitaci\u00f3n en el evento.<\/span><\/strong><\/em><\/div>\n<p><!--more--><\/p>\n<div dir=\"auto\" style=\"text-align: justify;\"><\/div>\n<div dir=\"auto\"><\/div>\n<div style=\"text-align: justify;\"><span style=\"font-family: helvetica, arial, sans-serif; font-size: 14pt;\">\u00a0MARIANA ALBARR\u00c1N \/ LENIN R\u00cdOS<\/span><\/div>\n<div dir=\"auto\" style=\"text-align: justify;\"><\/div>\n<div dir=\"auto\" style=\"text-align: justify;\"><span style=\"font-family: helvetica, arial, sans-serif; font-size: 14pt;\">\u00a0Venezuela avanza con fuerza, optimismo y con el impulso de la formaci\u00f3n t\u00e9cnica demostrando que este pa\u00eds, est\u00e1 creciendo gracias a sus potencialidades productivas, como las mostradas por el equipo del Instituto de Capacitaci\u00f3n y Educaci\u00f3n Social (Inces), en el Zulia, en su participaci\u00f3n en la I Expo Internacional Automotriz y Autopartes, del 18 al 21 de julio, en las instalaciones del hotel Tibisay, donde el stand de la casa educativa cautiv\u00f3 visitantes y expositores.\u00a0<\/span><\/div>\n<div dir=\"auto\" style=\"text-align: justify;\"><\/div>\n<div dir=\"auto\" style=\"text-align: justify;\"><\/div>\n<div dir=\"auto\" style=\"text-align: justify;\"><span style=\"font-family: helvetica, arial, sans-serif; font-size: 14pt;\">\u00a0En el segundo d\u00eda de la expo, m\u00e1s de 180 aprendices del Inces Zulia, en formaci\u00f3n en diferentes ocupaciones y de dos instancias organizativas, recibieron de parte de la profesora de la facultad de Ingenier\u00eda de la Universidad del Zulia, Ileanis Arenas, una charla sobre tecnolog\u00eda automotriz, navegaci\u00f3n y sistemas de posicionamiento, enriqueciendo el conocimiento de nuestros j\u00f3venes talentos. <\/span><\/div>\n<div dir=\"auto\" style=\"text-align: justify;\"><img loading=\"lazy\" decoding=\"async\" class=\"aligncenter wp-image-59306 size-full\" src=\"https:\/\/inces.gob.ve\/wp-content\/uploads\/2024\/07\/unnaZULIAAAA--scaled-e1722005342964.jpg\" alt=\"\" width=\"800\" height=\"600\" \/><\/div>\n<div dir=\"auto\" style=\"text-align: justify;\"><\/div>\n<div dir=\"auto\" style=\"text-align: justify;\"><span style=\"font-family: helvetica, arial, sans-serif; font-size: 14pt;\">\u00a0El Gerente del Inces Zulia Jos\u00e9 Vicente Far\u00edas Echeverri, inform\u00f3 que: \u201cNuestra instituci\u00f3n dispone de opciones para la capacitaci\u00f3n en los perfiles que tributan al motor automotriz como: \u201cAyudante de Mec\u00e1nica Automotriz, Mec\u00e1nico de Direcci\u00f3n y Frenos de Autom\u00f3viles, Mec\u00e1nico de Motores a Gasolina, Electricista Automotriz y Reparador de Motores Di\u00e9sel, lo que representa la respuesta de la formaci\u00f3n t\u00e9cnica a esta demanda del mundo del trabajo\u201d.\u00a0<\/span><\/div>\n<div dir=\"auto\" style=\"text-align: justify;\"><\/div>\n<div dir=\"auto\" style=\"text-align: justify;\"><span style=\"font-family: helvetica, arial, sans-serif; font-size: 14pt;\">\u00a0\u201cVenezuela marcha hacia la diversificaci\u00f3n de su econom\u00eda, desde la educaci\u00f3n y el trabajo, con la determinaci\u00f3n de construir un futuro de esperanza, opciones que brindamos al impulsar el producir formando, desde esta oferta en el motor automotriz, opciones que aportan al crecimiento o desarrollo de t\u00e9cnicos muy solicitados\u201d, precis\u00f3 Far\u00edas Echeverri.\u00a0<\/span><\/div>\n<div dir=\"auto\" style=\"text-align: justify;\"><\/div>\n<div dir=\"auto\" style=\"text-align: justify;\"><\/div>\n<div dir=\"auto\" style=\"text-align: justify;\"><span style=\"font-family: helvetica, arial, sans-serif; font-size: 14pt;\">\u00a0Luego de realizar un recorrido y conocer la presentaci\u00f3n de m\u00e1s 110 marcas, participar en las exhibiciones de autos cl\u00e1sicos, experiencias de realidad virtual, conocer las pruebas de manejo y compartir con los subcampeones mundiales de Rob\u00f3tica 2024, la aprendiz Wilyenis Castillo, de la ocupaci\u00f3n: Secretaria Administrativa, destac\u00f3 que: \u201cEn Venezuela hay razones para so\u00f1ar en grande y trabajar por ello, junto al Inces\u201d.\u00a0<\/span><\/div>\n<div dir=\"auto\" style=\"text-align: justify;\"><\/div>\n<div dir=\"auto\" style=\"text-align: justify;\"><\/div>\n<div dir=\"auto\" style=\"text-align: justify;\"><span style=\"font-family: helvetica, arial, sans-serif; font-size: 14pt;\">\u00a0El Coordinador de la Juventud del Inces Zulia, Yokendry Bracho, el equipo del Programa Nacional de Aprendizaje, los voceros del movimiento \u201cSomos Aprendices\u201d y un conglomerado de maestros del centro de formaci\u00f3n socialista comercial Maracaibo sirvieron de anfitriones en el stand, que visitaron reconocidas figuras regionales, nacionales e internacionales de diferentes \u00e1mbitos.\u00a0<\/span><\/div>\n<div dir=\"auto\" style=\"text-align: justify;\"><\/div>\n<div dir=\"auto\" style=\"text-align: justify;\"><\/div>\n<div dir=\"auto\" style=\"text-align: justify;\"><span style=\"font-family: helvetica, arial, sans-serif; font-size: 14pt;\">\u00a0Trabajar con perseverancia y amor, para que nuestra naci\u00f3n sea cada vez m\u00e1s grande, es la filosof\u00eda que nos gu\u00eda, en el Inces, ente que proporciona a toda la poblaci\u00f3n la t\u00e9cnica que inspira y la esperanza que transforma, de manera gratuita e inclusiva y con el reconocimiento de la Organizaci\u00f3n de las Naciones Unidas para la Educaci\u00f3n, la Ciencia y la Cultura (UNESCO)<\/span><\/div>\n<div dir=\"auto\" style=\"text-align: justify;\"><\/div>\n","protected":false},"excerpt":{"rendered":"<p>** Cientos de visitantes y expositores del evento internacional conocieron los perfiles productivos laborales que ofrece el Inces, en el motor automotriz, mientras que 180 aprendices recibieron capacitaci\u00f3n en el evento.<\/p>\n","protected":false},"author":15,"featured_media":59308,"comment_status":"closed","ping_status":"closed","sticky":false,"template":"","format":"standard","meta":{"footnotes":""},"categories":[2],"tags":[],"class_list":["post-59305","post","type-post","status-publish","format-standard","has-post-thumbnail","hentry","category-blog"],"_links":{"self":[{"href":"https:\/\/inces.gob.ve\/index.php\/wp-json\/wp\/v2\/posts\/59305","targetHints":{"allow":["GET"]}}],"collection":[{"href":"https:\/\/inces.gob.ve\/index.php\/wp-json\/wp\/v2\/posts"}],"about":[{"href":"https:\/\/inces.gob.ve\/index.php\/wp-json\/wp\/v2\/types\/post"}],"author":[{"embeddable":true,"href":"https:\/\/inces.gob.ve\/index.php\/wp-json\/wp\/v2\/users\/15"}],"replies":[{"embeddable":true,"href":"https:\/\/inces.gob.ve\/index.php\/wp-json\/wp\/v2\/comments?post=59305"}],"version-history":[{"count":2,"href":"https:\/\/inces.gob.ve\/index.php\/wp-json\/wp\/v2\/posts\/59305\/revisions"}],"predecessor-version":[{"id":59310,"href":"https:\/\/inces.gob.ve\/index.php\/wp-json\/wp\/v2\/posts\/59305\/revisions\/59310"}],"wp:featuredmedia":[{"embeddable":true,"href":"https:\/\/inces.gob.ve\/index.php\/wp-json\/wp\/v2\/media\/59308"}],"wp:attachment":[{"href":"https:\/\/inces.gob.ve\/index.php\/wp-json\/wp\/v2\/media?parent=59305"}],"wp:term":[{"taxonomy":"category","embeddable":true,"href":"https:\/\/inces.gob.ve\/index.php\/wp-json\/wp\/v2\/categories?post=59305"},{"taxonomy":"post_tag","embeddable":true,"href":"https:\/\/inces.gob.ve\/index.php\/wp-json\/wp\/v2\/tags?post=59305"}],"curies":[{"name":"wp","href":"https:\/\/api.w.org\/{rel}","templated":true}]}}