{"id":59358,"date":"2024-08-05T15:01:28","date_gmt":"2024-08-05T19:01:28","guid":{"rendered":"https:\/\/inces.gob.ve\/?p=59358"},"modified":"2024-08-05T15:12:22","modified_gmt":"2024-08-05T19:12:22","slug":"escuela-de-emprendedores-del-inces-dicta-charla-sobre-entornos-digitales-marketing-y-ventas","status":"publish","type":"post","link":"https:\/\/inces.gob.ve\/index.php\/2024\/08\/05\/escuela-de-emprendedores-del-inces-dicta-charla-sobre-entornos-digitales-marketing-y-ventas\/","title":{"rendered":"Escuela de Emprendedores del Inces dicta charla sobre \u201cEntornos Digitales Marketing y Ventas\u201d"},"content":{"rendered":"<p style=\"text-align: justify;\"><span style=\"font-family: helvetica, arial, sans-serif;\"><b><i>*<span style=\"font-size: 14pt;\">*<span style=\"font-family: helvetica, arial, sans-serif;\"> El marketing digital abarca una amplia gama de estrategias y t\u00e1cticas que se utilizan para promocionar productos o servicios a trav\u00e9s de canales digitales<\/span><\/span><\/i><\/b><\/span><span style=\"font-size: 14pt;\"><!--more--><\/span><\/p>\n<p style=\"text-align: justify;\"><span style=\"font-family: helvetica, arial, sans-serif; font-size: 14pt;\"><b><i>\u00a0<\/i><\/b><\/span><\/p>\n<p style=\"text-align: justify;\"><span style=\"font-family: helvetica, arial, sans-serif; font-size: 14pt;\"><b><i>Dima P\u00e1ez<\/i><\/b><\/span><\/p>\n<p style=\"text-align: justify;\"><span style=\"font-family: helvetica, arial, sans-serif; font-size: 14pt;\"><b><i>\u00a0<\/i><\/b><\/span><span style=\"font-family: helvetica, arial, sans-serif; font-size: 14pt;\"><b><i>F\/Rafael Urbina<\/i><\/b><\/span><\/p>\n<p style=\"text-align: justify;\"><span style=\"font-family: helvetica, arial, sans-serif; font-size: 14pt;\">El\u00a0marketing digital\u00a0es el conjunto de estrategias y acciones que se realizan en\u00a0Internet\u00a0para apoyar la comercializaci\u00f3n de una marca o un producto. El objetivo principal es atraer al p\u00fablico, convertirlo en clientes y fidelizarlos a trav\u00e9s de los canales digitales.<\/span><\/p>\n<p style=\"text-align: justify;\"><span style=\"font-family: helvetica, arial, sans-serif; font-size: 14pt;\">La charla se realiz\u00f3 en el sal\u00f3n de usos m\u00faltiples de la Gerencia General de Curr\u00edculo y Did\u00e1ctica, ubicado en el primer piso del edificio anexo del Instituto Nacional de Capacitaci\u00f3n y Educaci\u00f3n Socialista (Inces). La facilitaci\u00f3n estuvo a cargo de Emmy Montilla.<\/span><\/p>\n<p style=\"text-align: justify;\"><span style=\"font-family: helvetica, arial, sans-serif; font-size: 14pt;\">En referencia a la charla, Emmy Montilla inform\u00f3 que los emprendedores obtendr\u00e1n conocimientos sobre los entornos digitales \u201cporque tenemos la creencia de que debemos trabajar solo con las redes sociales. Cuando se habla de mundo digital autom\u00e1ticamente lo asociamos con las redes sociales, aqu\u00ed se trata de ampliar un poco el horizonte, para que ellos tengan conocimientos: qu\u00e9 entorno se adapta m\u00e1s a sus proyectos, por ejemplo y \u00a0esto se va a realizar de una manera muy din\u00e1mica ya que los participantes realizar\u00e1n\u00a0 pr\u00e1cticas interactivas\u201d.<\/span><\/p>\n<p style=\"text-align: justify;\"><span style=\"font-family: helvetica, arial, sans-serif; font-size: 14pt;\">Agrego Montilla: \u201cEsto se trata de aportarles las herramientas para que tengan una presencia digital activa que es donde ellos tendr\u00e1n presencia y saber cu\u00e1les redes deben utilizar para lograr el \u00e9xito de su emprendimiento y puedan impulsar sus negocios.<\/span><\/p>\n<p style=\"text-align: justify;\"><span style=\"font-family: helvetica, arial, sans-serif; font-size: 14pt;\">Por otra parte, la idea es que ellos tengan estAs herramientas y aprendan la importancia del mundo digital, porque los hace visible en el mundo de los negocios. Inclusive llegar al \u00e9xito porque se adaptan a la era digital, logrando repotenciar y diversificar sus negocios.<\/span><\/p>\n<p style=\"text-align: justify;\"><span style=\"font-family: helvetica, arial, sans-serif; font-size: 14pt;\">\u201cTambi\u00e9n utilizaremos la<b>\u00a0Metodolog\u00eda Smart\u00a0<\/b>que sugiere que deben de ser espec\u00edficos, medibles, atractivos y finitos. Esta metodolog\u00eda sirve para aumentar la visi\u00f3n empresarial, mejorar la planeaci\u00f3n, poner el foco en lo m\u00e1s importante, obtener mayor control, optimizar la comunicaci\u00f3n, impulsar la gesti\u00f3n del tiempo, adquirir un perfil estrat\u00e9gico y agilizar la fuerza de ventas para gestionar el tiempo y simplificar el proceso de decisi\u00f3n\u201d, finaliz\u00f3 montilla.<\/span><\/p>\n<p style=\"text-align: justify;\">\n","protected":false},"excerpt":{"rendered":"<p>** El marketing digital abarca una amplia gama de estrategias y t\u00e1cticas que se utilizan para promocionar productos o servicios a trav\u00e9s de canales digitales<\/p>\n","protected":false},"author":15,"featured_media":59359,"comment_status":"closed","ping_status":"closed","sticky":false,"template":"","format":"standard","meta":{"footnotes":""},"categories":[2],"tags":[],"class_list":["post-59358","post","type-post","status-publish","format-standard","has-post-thumbnail","hentry","category-blog"],"_links":{"self":[{"href":"https:\/\/inces.gob.ve\/index.php\/wp-json\/wp\/v2\/posts\/59358","targetHints":{"allow":["GET"]}}],"collection":[{"href":"https:\/\/inces.gob.ve\/index.php\/wp-json\/wp\/v2\/posts"}],"about":[{"href":"https:\/\/inces.gob.ve\/index.php\/wp-json\/wp\/v2\/types\/post"}],"author":[{"embeddable":true,"href":"https:\/\/inces.gob.ve\/index.php\/wp-json\/wp\/v2\/users\/15"}],"replies":[{"embeddable":true,"href":"https:\/\/inces.gob.ve\/index.php\/wp-json\/wp\/v2\/comments?post=59358"}],"version-history":[{"count":2,"href":"https:\/\/inces.gob.ve\/index.php\/wp-json\/wp\/v2\/posts\/59358\/revisions"}],"predecessor-version":[{"id":59361,"href":"https:\/\/inces.gob.ve\/index.php\/wp-json\/wp\/v2\/posts\/59358\/revisions\/59361"}],"wp:featuredmedia":[{"embeddable":true,"href":"https:\/\/inces.gob.ve\/index.php\/wp-json\/wp\/v2\/media\/59359"}],"wp:attachment":[{"href":"https:\/\/inces.gob.ve\/index.php\/wp-json\/wp\/v2\/media?parent=59358"}],"wp:term":[{"taxonomy":"category","embeddable":true,"href":"https:\/\/inces.gob.ve\/index.php\/wp-json\/wp\/v2\/categories?post=59358"},{"taxonomy":"post_tag","embeddable":true,"href":"https:\/\/inces.gob.ve\/index.php\/wp-json\/wp\/v2\/tags?post=59358"}],"curies":[{"name":"wp","href":"https:\/\/api.w.org\/{rel}","templated":true}]}}