{"id":59367,"date":"2024-08-05T15:21:03","date_gmt":"2024-08-05T19:21:03","guid":{"rendered":"https:\/\/inces.gob.ve\/?p=59367"},"modified":"2024-08-05T15:29:16","modified_gmt":"2024-08-05T19:29:16","slug":"aragua-el-inces-siembra-semillas-y-recoge-esperanza-para-un-pueblo","status":"publish","type":"post","link":"https:\/\/inces.gob.ve\/index.php\/2024\/08\/05\/aragua-el-inces-siembra-semillas-y-recoge-esperanza-para-un-pueblo\/","title":{"rendered":"ARAGUA | El Inces siembra semillas y recoge esperanza para un pueblo"},"content":{"rendered":"<div dir=\"auto\"><em><span style=\"font-size: 14pt;\"><strong><span style=\"font-family: helvetica, arial, sans-serif;\">** \u201cTransformando la educaci\u00f3n: de la rigidez t\u00e9cnica a la liberaci\u00f3n del pensamiento\u201d.<\/span><\/strong><\/span><\/em><\/div>\n<p><!--more--><\/p>\n<div dir=\"auto\"><\/div>\n<div dir=\"auto\" style=\"text-align: justify;\"><\/div>\n<div style=\"text-align: justify;\"><strong><em><span style=\"font-size: 14pt;\"><span style=\"font-family: helvetica, arial, sans-serif;\">ANA RODR\u00cdGUEZ<\/span><\/span><\/em><\/strong><\/div>\n<div dir=\"auto\" style=\"text-align: justify;\"><\/div>\n<div dir=\"auto\" style=\"text-align: justify;\"><span style=\"font-size: 14pt;\"><span style=\"font-family: helvetica, arial, sans-serif;\">En el programa Somos Inces Radio la jefa del Centro de Formaci\u00f3n Textil Eric Amaro se\u00f1al\u00f3 que ofrecen unidades curriculares enfocadas en perfiles productivos en las \u00e1reas de confecci\u00f3n, patronaje, corte y mantenimiento de m\u00e1quinas de coser, entre otras.\u00a0 Estas formaciones se imparten en el CFS Textil y abarcan diversos \u00e1mbitos, incluyendo comunidades, misiones, grandes misiones, unidades educativas e incluso centros penitenciarios. Adem\u00e1s, mantienen una colaboraci\u00f3n con la universidad Sim\u00f3n Rodr\u00edguez para certificar a los bachilleres que se grad\u00faan en distintas especialidades, con el fin de integrarlos en las diversas unidades de econom\u00eda social.<\/span><\/span><\/div>\n<div dir=\"auto\" style=\"text-align: justify;\"><\/div>\n<div dir=\"auto\" style=\"text-align: justify;\"><\/div>\n<div dir=\"auto\" style=\"text-align: justify;\"><\/div>\n<div dir=\"auto\" style=\"text-align: justify;\"><strong><em><span style=\"font-size: 14pt;\"><span style=\"font-family: helvetica, arial, sans-serif;\">Hasta el primer semestre del a\u00f1o, hemos alcanzado un 72,9% de nuestra meta, con 4.983 graduados. En el primer mes del segundo semestre, se han inscrito 183 nuevos participantes en diversas \u00e1reas. Estamos comprometidos\u00a0 a cumplir con el 100% de la meta propuesta en formaciones. Se hace un reconocimiento a los maestros t\u00e9cnicos productivos y especialmente a los maestros t\u00e9cnicos voluntarios, quienes son la columna vertebral de nuestras comunidades que\u00a0 a pesar de no recibir ning\u00fan ingreso, brindan su apoyo con dedicaci\u00f3n y amor al pr\u00f3jimo, compartiendo su conocimiento y experiencia, as\u00ed lo indic\u00f3 Amaro.<\/span><\/span><\/em><\/strong><\/div>\n<div dir=\"auto\"><\/div>\n<div dir=\"auto\" style=\"text-align: justify;\"><img loading=\"lazy\" decoding=\"async\" class=\"aligncenter wp-image-59370 size-full\" src=\"https:\/\/inces.gob.ve\/wp-content\/uploads\/2024\/08\/IMG_20240726_105437.jpg\" alt=\"\" width=\"721\" height=\"720\" srcset=\"https:\/\/inces.gob.ve\/wp-content\/uploads\/2024\/08\/IMG_20240726_105437.jpg 721w, https:\/\/inces.gob.ve\/wp-content\/uploads\/2024\/08\/IMG_20240726_105437-300x300.jpg 300w, https:\/\/inces.gob.ve\/wp-content\/uploads\/2024\/08\/IMG_20240726_105437-150x150.jpg 150w\" sizes=\"auto, (max-width: 721px) 100vw, 721px\" \/><\/div>\n<div dir=\"auto\" style=\"text-align: justify;\"><\/div>\n<div dir=\"auto\" style=\"text-align: justify;\"><strong><em><span style=\"font-size: 14pt;\"><span style=\"font-family: helvetica, arial, sans-serif;\">Hemos evolucionado de una experiencia t\u00e9cnica r\u00edgida a una formaci\u00f3n basada en un pensamiento liberador, que transforma al ser mediante la emancipaci\u00f3n de valores y principios sociales, gracias a nuestro Comandante eterno, Hugo Rafael Ch\u00e1vez Fr\u00edas. Actualmente, seguimos trabajando en la transformaci\u00f3n a trav\u00e9s del sistema Hacer Inces, que invita a todos a inscribirse y a identificar los perfiles curriculares en las t\u00e9cnicas y oficios disponible y solicitar informaci\u00f3n sobre el Programa Nacional de Aprendizaje.<\/span><\/span><\/em><\/strong><\/div>\n","protected":false},"excerpt":{"rendered":"<p>** \u201cTransformando la educaci\u00f3n: de la rigidez t\u00e9cnica a la liberaci\u00f3n del pensamiento\u201d.<\/p>\n","protected":false},"author":15,"featured_media":59369,"comment_status":"closed","ping_status":"closed","sticky":false,"template":"","format":"standard","meta":{"footnotes":""},"categories":[2],"tags":[],"class_list":["post-59367","post","type-post","status-publish","format-standard","has-post-thumbnail","hentry","category-blog"],"_links":{"self":[{"href":"https:\/\/inces.gob.ve\/index.php\/wp-json\/wp\/v2\/posts\/59367","targetHints":{"allow":["GET"]}}],"collection":[{"href":"https:\/\/inces.gob.ve\/index.php\/wp-json\/wp\/v2\/posts"}],"about":[{"href":"https:\/\/inces.gob.ve\/index.php\/wp-json\/wp\/v2\/types\/post"}],"author":[{"embeddable":true,"href":"https:\/\/inces.gob.ve\/index.php\/wp-json\/wp\/v2\/users\/15"}],"replies":[{"embeddable":true,"href":"https:\/\/inces.gob.ve\/index.php\/wp-json\/wp\/v2\/comments?post=59367"}],"version-history":[{"count":3,"href":"https:\/\/inces.gob.ve\/index.php\/wp-json\/wp\/v2\/posts\/59367\/revisions"}],"predecessor-version":[{"id":59373,"href":"https:\/\/inces.gob.ve\/index.php\/wp-json\/wp\/v2\/posts\/59367\/revisions\/59373"}],"wp:featuredmedia":[{"embeddable":true,"href":"https:\/\/inces.gob.ve\/index.php\/wp-json\/wp\/v2\/media\/59369"}],"wp:attachment":[{"href":"https:\/\/inces.gob.ve\/index.php\/wp-json\/wp\/v2\/media?parent=59367"}],"wp:term":[{"taxonomy":"category","embeddable":true,"href":"https:\/\/inces.gob.ve\/index.php\/wp-json\/wp\/v2\/categories?post=59367"},{"taxonomy":"post_tag","embeddable":true,"href":"https:\/\/inces.gob.ve\/index.php\/wp-json\/wp\/v2\/tags?post=59367"}],"curies":[{"name":"wp","href":"https:\/\/api.w.org\/{rel}","templated":true}]}}