{"id":59527,"date":"2024-08-20T18:50:34","date_gmt":"2024-08-20T22:50:34","guid":{"rendered":"https:\/\/inces.gob.ve\/?p=59527"},"modified":"2024-08-20T18:50:34","modified_gmt":"2024-08-20T22:50:34","slug":"inces-entrego-3-047-titulos-de-bachillerato-con-perfil-productivo-laboral","status":"publish","type":"post","link":"https:\/\/inces.gob.ve\/index.php\/2024\/08\/20\/inces-entrego-3-047-titulos-de-bachillerato-con-perfil-productivo-laboral\/","title":{"rendered":"Inces entreg\u00f3 3.047 t\u00edtulos de bachillerato con perfil productivo laboral"},"content":{"rendered":"<p style=\"text-align: justify;\"><strong><em><span style=\"font-family: helvetica, arial, sans-serif; font-size: 14pt;\">** En un acto nacional 24 liceos Inces graduaron a sus bachilleres del a\u00f1o escolar 2023-2024<\/span><\/em><\/strong><!--more--><\/p>\n<p>&nbsp;<\/p>\n<p><strong><span style=\"font-family: helvetica, arial, sans-serif;\">DUGLIANNY RAM\u00cdREZ<\/span><\/strong><\/p>\n<p><strong><span style=\"font-family: helvetica, arial, sans-serif;\">F\/ LUIS J. GONZ\u00c1LEZ C.<\/span><\/strong><\/p>\n<p>&nbsp;<\/p>\n<p style=\"text-align: justify;\"><span style=\"font-family: helvetica, arial, sans-serif; font-size: 14pt;\">El Instituto Nacional de Capacitaci\u00f3n y Educaci\u00f3n Socialista (Inces) inici\u00f3 su semana aniversario con la entrega de 3.047 t\u00edtulos de bachiller emitidos por el Ministerio de Educaci\u00f3n, con el agregado de una certificaci\u00f3n ocupacional que avala el conocimiento del bachiller en una ocupaci\u00f3n laboral espec\u00edfica.<\/span><\/p>\n<p>&nbsp;<\/p>\n<p style=\"text-align: justify;\"><span style=\"font-family: helvetica, arial, sans-serif; font-size: 14pt;\">El a\u00f1o escolar 2023-2024 cerr\u00f3 con una matr\u00edcula total de 12.147 estudiantes ubicados en los 24 liceos de esta casa formativa, cifra que se dio a conocer durante el acto de grado simult\u00e1neo celebrado en todo el pa\u00eds.<\/span><\/p>\n<p>&nbsp;<\/p>\n<p><img loading=\"lazy\" decoding=\"async\" class=\"aligncenter wp-image-59532 size-large\" src=\"https:\/\/inces.gob.ve\/wp-content\/uploads\/2024\/08\/photo_5053300191255440856_y-1024x575.jpg\" alt=\"\" width=\"640\" height=\"359\" srcset=\"https:\/\/inces.gob.ve\/wp-content\/uploads\/2024\/08\/photo_5053300191255440856_y-1024x575.jpg 1024w, https:\/\/inces.gob.ve\/wp-content\/uploads\/2024\/08\/photo_5053300191255440856_y-300x169.jpg 300w, https:\/\/inces.gob.ve\/wp-content\/uploads\/2024\/08\/photo_5053300191255440856_y-768x431.jpg 768w, https:\/\/inces.gob.ve\/wp-content\/uploads\/2024\/08\/photo_5053300191255440856_y.jpg 1280w\" sizes=\"auto, (max-width: 640px) 100vw, 640px\" \/><\/p>\n<p>&nbsp;<\/p>\n<p style=\"text-align: justify;\"><span style=\"font-family: helvetica, arial, sans-serif; font-size: 14pt;\">La ceremonia conjunta tuvo como epicentro la graduaci\u00f3n de 133 estudiantes egresados del Liceo Inces Distrito Capital, quienes bajo el ep\u00f3nimo 9 de Diciembre de 2024: Bicentenario de la Batalla de Ayacucho, recibieron sus t\u00edtulos de bachiller y sus certificados Inces de la mano del presidente de la instituci\u00f3n, Wuikelman Angel; el viceministro de Comunidades Educativas y Uni\u00f3n con el pueblo, Richard Delgado y el director estrat\u00e9gico de Formaci\u00f3n y Autoformaci\u00f3n, Jorge P\u00e9rez.<\/span><\/p>\n<p>&nbsp;<\/p>\n<p style=\"text-align: justify;\"><span style=\"font-family: helvetica, arial, sans-serif; font-size: 14pt;\">Adem\u00e1s de los t\u00edtulos y certificados las autoridades presentes realizaron la entrega de reconocimientos a aquellos graduandos que lograron obtener un excelente promedio durante el a\u00f1o escolar 2023-2024.<\/span><\/p>\n<p>&nbsp;<\/p>\n<p><img loading=\"lazy\" decoding=\"async\" class=\"aligncenter wp-image-59529 size-large\" src=\"https:\/\/inces.gob.ve\/wp-content\/uploads\/2024\/08\/photo_5053300191255440850_y-1024x575.jpg\" alt=\"\" width=\"640\" height=\"359\" srcset=\"https:\/\/inces.gob.ve\/wp-content\/uploads\/2024\/08\/photo_5053300191255440850_y-1024x575.jpg 1024w, https:\/\/inces.gob.ve\/wp-content\/uploads\/2024\/08\/photo_5053300191255440850_y-300x169.jpg 300w, https:\/\/inces.gob.ve\/wp-content\/uploads\/2024\/08\/photo_5053300191255440850_y-768x431.jpg 768w, https:\/\/inces.gob.ve\/wp-content\/uploads\/2024\/08\/photo_5053300191255440850_y.jpg 1280w\" sizes=\"auto, (max-width: 640px) 100vw, 640px\" \/><\/p>\n<p>&nbsp;<\/p>\n<p style=\"text-align: justify;\"><span style=\"font-family: helvetica, arial, sans-serif; font-size: 14pt;\">Cabe destacar que el Bachillerato Productivo es un programa educativo que el Estado venezolano ejecuta a trav\u00e9s del Inces, el cual se administra conjuntamente con el Ministerio del Poder Popular para la Educaci\u00f3n, ofreciendo a j\u00f3venes y adultos la posibilidad de culminar su formaci\u00f3n de Educaci\u00f3n Media General, mientras se forma en un \u00e1rea productiva.<\/span><\/p>\n<p style=\"text-align: justify;\">\n<p style=\"text-align: justify;\"><span style=\"font-family: helvetica, arial, sans-serif; font-size: 14pt;\"><strong>AUTORIDADES <\/strong><\/span><\/p>\n<p style=\"text-align: justify;\"><span style=\"font-family: helvetica, arial, sans-serif; font-size: 14pt;\">Angel, presidente de esta casa de estudio expres\u00f3: \u00abEn este tiempo en el cual hay encuentro de opiniones, sobre todo a trav\u00e9s de las redes sociales, queremos trasmitirle a\u00a0 todos ustedes, incluyendo sus familiares que nos acompa\u00f1en, que sigamos teniendo la fortaleza que nos identifica como un pueblo. Recibir un t\u00edtulo de bachillerato tiene un enorme significado en la vida de todos nosotros, es algo que se recuerda por siempre\u00bb.<\/span><\/p>\n<p style=\"text-align: justify;\">\n<p><img loading=\"lazy\" decoding=\"async\" class=\"aligncenter wp-image-59530 size-large\" src=\"https:\/\/inces.gob.ve\/wp-content\/uploads\/2024\/08\/photo_5053300191255440844_y-1024x575.jpg\" alt=\"\" width=\"640\" height=\"359\" srcset=\"https:\/\/inces.gob.ve\/wp-content\/uploads\/2024\/08\/photo_5053300191255440844_y-1024x575.jpg 1024w, https:\/\/inces.gob.ve\/wp-content\/uploads\/2024\/08\/photo_5053300191255440844_y-300x169.jpg 300w, https:\/\/inces.gob.ve\/wp-content\/uploads\/2024\/08\/photo_5053300191255440844_y-768x431.jpg 768w, https:\/\/inces.gob.ve\/wp-content\/uploads\/2024\/08\/photo_5053300191255440844_y.jpg 1280w\" sizes=\"auto, (max-width: 640px) 100vw, 640px\" \/><\/p>\n<p>&nbsp;<\/p>\n<p style=\"text-align: justify;\"><span style=\"font-family: helvetica, arial, sans-serif; font-size: 14pt;\">Resalt\u00f3 que esto es un gran logro que se aplaude y se celebra y que el Inces va a tener siempre la disposici\u00f3n de acompa\u00f1arlos en el recorrido de la universidad o aquellos que ya est\u00e9n trabajando fortalezcan su conocimiento.<\/span><\/p>\n<p style=\"text-align: justify;\">\n<p><img loading=\"lazy\" decoding=\"async\" class=\"aligncenter wp-image-59531 size-large\" src=\"https:\/\/inces.gob.ve\/wp-content\/uploads\/2024\/08\/photo_5053300191255440858_y-1024x575.jpg\" alt=\"\" width=\"640\" height=\"359\" srcset=\"https:\/\/inces.gob.ve\/wp-content\/uploads\/2024\/08\/photo_5053300191255440858_y-1024x575.jpg 1024w, https:\/\/inces.gob.ve\/wp-content\/uploads\/2024\/08\/photo_5053300191255440858_y-300x169.jpg 300w, https:\/\/inces.gob.ve\/wp-content\/uploads\/2024\/08\/photo_5053300191255440858_y-768x431.jpg 768w, https:\/\/inces.gob.ve\/wp-content\/uploads\/2024\/08\/photo_5053300191255440858_y.jpg 1280w\" sizes=\"auto, (max-width: 640px) 100vw, 640px\" \/><\/p>\n<p>&nbsp;<\/p>\n<p style=\"text-align: justify;\"><span style=\"font-family: helvetica, arial, sans-serif; font-size: 14pt;\">\u201cGracias por venir al Inces y reconocer a esta instituci\u00f3n que est\u00e1 cumpliendo 65 a\u00f1os desde que el maestro Luis Beltr\u00e1n la fund\u00f3 pensando en la juventud y en como vincular la comprensi\u00f3n del trabajo al sistema educativo. Felicidades por este logro\u201d, finaliz\u00f3.<\/span><\/p>\n","protected":false},"excerpt":{"rendered":"<p>** En un acto nacional 24 liceos Inces graduaron a sus bachilleres del a\u00f1o escolar 2023-2024<\/p>\n","protected":false},"author":4,"featured_media":59528,"comment_status":"closed","ping_status":"closed","sticky":false,"template":"","format":"standard","meta":{"footnotes":""},"categories":[2],"tags":[],"class_list":["post-59527","post","type-post","status-publish","format-standard","has-post-thumbnail","hentry","category-blog"],"_links":{"self":[{"href":"https:\/\/inces.gob.ve\/index.php\/wp-json\/wp\/v2\/posts\/59527","targetHints":{"allow":["GET"]}}],"collection":[{"href":"https:\/\/inces.gob.ve\/index.php\/wp-json\/wp\/v2\/posts"}],"about":[{"href":"https:\/\/inces.gob.ve\/index.php\/wp-json\/wp\/v2\/types\/post"}],"author":[{"embeddable":true,"href":"https:\/\/inces.gob.ve\/index.php\/wp-json\/wp\/v2\/users\/4"}],"replies":[{"embeddable":true,"href":"https:\/\/inces.gob.ve\/index.php\/wp-json\/wp\/v2\/comments?post=59527"}],"version-history":[{"count":1,"href":"https:\/\/inces.gob.ve\/index.php\/wp-json\/wp\/v2\/posts\/59527\/revisions"}],"predecessor-version":[{"id":59533,"href":"https:\/\/inces.gob.ve\/index.php\/wp-json\/wp\/v2\/posts\/59527\/revisions\/59533"}],"wp:featuredmedia":[{"embeddable":true,"href":"https:\/\/inces.gob.ve\/index.php\/wp-json\/wp\/v2\/media\/59528"}],"wp:attachment":[{"href":"https:\/\/inces.gob.ve\/index.php\/wp-json\/wp\/v2\/media?parent=59527"}],"wp:term":[{"taxonomy":"category","embeddable":true,"href":"https:\/\/inces.gob.ve\/index.php\/wp-json\/wp\/v2\/categories?post=59527"},{"taxonomy":"post_tag","embeddable":true,"href":"https:\/\/inces.gob.ve\/index.php\/wp-json\/wp\/v2\/tags?post=59527"}],"curies":[{"name":"wp","href":"https:\/\/api.w.org\/{rel}","templated":true}]}}