{"id":59541,"date":"2024-08-21T14:56:38","date_gmt":"2024-08-21T18:56:38","guid":{"rendered":"https:\/\/inces.gob.ve\/?p=59541"},"modified":"2024-08-21T15:00:10","modified_gmt":"2024-08-21T19:00:10","slug":"yaracuy-trabajadores-del-inces-se-beneficiaron-con-jornada-de-salud","status":"publish","type":"post","link":"https:\/\/inces.gob.ve\/index.php\/2024\/08\/21\/yaracuy-trabajadores-del-inces-se-beneficiaron-con-jornada-de-salud\/","title":{"rendered":"YARACUY | Trabajadores del Inces se beneficiaron con jornada de salud"},"content":{"rendered":"<p style=\"font-weight: 400; text-align: justify;\"><em><strong><span style=\"font-family: helvetica, arial, sans-serif; font-size: 14pt;\">**Trabajadores del Instituto Nacional de Capacitaci\u00f3n y Educaci\u00f3n Socialista (Inces) recibieron atenci\u00f3n m\u00e9dica en una jornada de salud coordinada con el Instituto de Previsi\u00f3n y Asistencia Social para el personal del Ministerio de Educaci\u00f3n (Ipasme), como parte de las actividades previas al 65 aniversario del ente.<\/span><\/strong><\/em><!--more--><\/p>\n<p>&nbsp;<\/p>\n<p><span style=\"font-family: helvetica, arial, sans-serif; font-size: 14pt;\">YOLAICE VARGAS<\/span><\/p>\n<p style=\"font-weight: 400; text-align: justify;\"><span style=\"font-family: helvetica, arial, sans-serif; font-size: 14pt;\">Al menos unos 130 trabajadores de la casa formativa en Yaracuy se beneficiaron con la jornada de salud, que garantiza atenci\u00f3n en diversas especialidades destacando: medicina general, ginecolog\u00eda, foniatr\u00eda, medicina interna, nutrici\u00f3n y psiquiatr\u00eda, adem\u00e1s de servicio de imagenolog\u00eda.<\/span><\/p>\n<p>&nbsp;<\/p>\n<p style=\"font-weight: 400; text-align: justify;\"><span style=\"font-family: helvetica, arial, sans-serif; font-size: 14pt;\">El gerente del Inces en Yaracuy, Dalvi Torrealba, se\u00f1al\u00f3 que gracias a las buenas relaciones y las alianzas con las instituciones p\u00fablicas y privadas se brinda beneficios a los trabajadores, que permite un ahorro significativo para cada uno, ya que las consultas especializadas en centro privados tienen un alto costo, adem\u00e1s precis\u00f3 que el beneficio adem\u00e1s alcanz\u00f3 a los familiares del personal.<\/span><\/p>\n<p>&nbsp;<\/p>\n<p><img loading=\"lazy\" decoding=\"async\" class=\"aligncenter wp-image-59542 size-full\" src=\"https:\/\/inces.gob.ve\/wp-content\/uploads\/2024\/08\/IMG_20240815_103024_055-scaled-e1724266552191.jpg\" alt=\"\" width=\"800\" height=\"600\" \/><\/p>\n<p>&nbsp;<\/p>\n<p style=\"font-weight: 400; text-align: justify;\"><span style=\"font-family: helvetica, arial, sans-serif; font-size: 14pt;\">Por otra parte se\u00f1al\u00f3 que de acuerdo al cumplimiento civil y tributario y el compromiso de algunas entidades de trabajo con el Inces, espec\u00edficamente laboratorios, se recibi\u00f3 una dotaci\u00f3n de medicinas las cuales fueron distribuidas entre los trabajadores quienes una vez culminada la consulta, presentaban ante la divisi\u00f3n de talento humano los r\u00e9cipes para la asignaci\u00f3n del medicamento prescrito por los galenos.<\/span><\/p>\n<p>&nbsp;<\/p>\n<p style=\"font-weight: 400; text-align: justify;\"><span style=\"font-family: helvetica, arial, sans-serif; font-size: 14pt;\">Por su parte la directora administrativa del Ipasme Sonia Gamarra, expres\u00f3 sentirse complacida con el trabajo articulado que se realiza con el Inces, que no solo se basa en la formaci\u00f3n t\u00e9cnica profesional del personal del ente que dirige, sino que adem\u00e1s los lazos interinstitucionales permiten brindar atenci\u00f3n m\u00e9dica a los trabajadores.<\/span><\/p>\n<p>&nbsp;<\/p>\n<p style=\"font-weight: 400; text-align: justify;\"><span style=\"font-family: helvetica, arial, sans-serif; font-size: 14pt;\">Manifest\u00f3 adem\u00e1s que las puertas de la instituci\u00f3n est\u00e1n abiertas para toda la colectividad, en aras de brindar mejores condiciones de vida a cada ciudadano, siendo la salud la base fundamental del existir.\u00a0\u00a0<\/span><\/p>\n<p>&nbsp;<\/p>\n<p style=\"font-weight: 400; text-align: justify;\"><span style=\"font-family: helvetica, arial, sans-serif; font-size: 14pt;\">Los trabajadores se mostraron complacidos ante la atenci\u00f3n brindada por los especialistas de la salud e igualmente por la gesti\u00f3n de la gerencia regional.<\/span><\/p>\n","protected":false},"excerpt":{"rendered":"<p>**Trabajadores del Instituto Nacional de Capacitaci\u00f3n y Educaci\u00f3n Socialista (Inces) recibieron atenci\u00f3n m\u00e9dica en una jornada de salud coordinada con el Instituto de Previsi\u00f3n y Asistencia Social para el personal del Ministerio de Educaci\u00f3n (Ipasme), como parte de las actividades previas al 65 aniversario del ente.<\/p>\n","protected":false},"author":15,"featured_media":59544,"comment_status":"closed","ping_status":"closed","sticky":false,"template":"","format":"standard","meta":{"footnotes":""},"categories":[2],"tags":[],"class_list":["post-59541","post","type-post","status-publish","format-standard","has-post-thumbnail","hentry","category-blog"],"_links":{"self":[{"href":"https:\/\/inces.gob.ve\/index.php\/wp-json\/wp\/v2\/posts\/59541","targetHints":{"allow":["GET"]}}],"collection":[{"href":"https:\/\/inces.gob.ve\/index.php\/wp-json\/wp\/v2\/posts"}],"about":[{"href":"https:\/\/inces.gob.ve\/index.php\/wp-json\/wp\/v2\/types\/post"}],"author":[{"embeddable":true,"href":"https:\/\/inces.gob.ve\/index.php\/wp-json\/wp\/v2\/users\/15"}],"replies":[{"embeddable":true,"href":"https:\/\/inces.gob.ve\/index.php\/wp-json\/wp\/v2\/comments?post=59541"}],"version-history":[{"count":2,"href":"https:\/\/inces.gob.ve\/index.php\/wp-json\/wp\/v2\/posts\/59541\/revisions"}],"predecessor-version":[{"id":59546,"href":"https:\/\/inces.gob.ve\/index.php\/wp-json\/wp\/v2\/posts\/59541\/revisions\/59546"}],"wp:featuredmedia":[{"embeddable":true,"href":"https:\/\/inces.gob.ve\/index.php\/wp-json\/wp\/v2\/media\/59544"}],"wp:attachment":[{"href":"https:\/\/inces.gob.ve\/index.php\/wp-json\/wp\/v2\/media?parent=59541"}],"wp:term":[{"taxonomy":"category","embeddable":true,"href":"https:\/\/inces.gob.ve\/index.php\/wp-json\/wp\/v2\/categories?post=59541"},{"taxonomy":"post_tag","embeddable":true,"href":"https:\/\/inces.gob.ve\/index.php\/wp-json\/wp\/v2\/tags?post=59541"}],"curies":[{"name":"wp","href":"https:\/\/api.w.org\/{rel}","templated":true}]}}