{"id":59572,"date":"2024-08-08T15:11:50","date_gmt":"2024-08-08T19:11:50","guid":{"rendered":"https:\/\/inces.gob.ve\/?p=59572"},"modified":"2024-08-26T15:16:30","modified_gmt":"2024-08-26T19:16:30","slug":"tachira-inces-celebracion-junto-a-sus-jubilados","status":"publish","type":"post","link":"https:\/\/inces.gob.ve\/index.php\/2024\/08\/08\/tachira-inces-celebracion-junto-a-sus-jubilados\/","title":{"rendered":"T\u00c1CHIRA | Inces celebraci\u00f3n junto a sus jubilados"},"content":{"rendered":"<p style=\"text-align: justify;\"><span style=\"font-family: helvetica, arial, sans-serif; font-size: 14pt;\"><em><strong>**Jubilados del Inces T\u00e1chira celebraron su dedicaci\u00f3n con un emotivo evento, reconociendo su legado y sus a\u00f1os de servicio<!--more--><\/strong><\/em><\/span><\/p>\n<p style=\"text-align: justify;\">\n<p style=\"text-align: justify;\">\n<p style=\"text-align: justify;\"><span style=\"font-family: helvetica, arial, sans-serif; font-size: 14pt;\">En un ambiente de alegr\u00eda, los trabajadores jubilados del Instituto Nacional de Capacitaci\u00f3n y Educaci\u00f3n Socialista (Inces) en T\u00e1chira disfrutaron de una enriquecedora actividad que celebr\u00f3 sus a\u00f1os de servicio y dedicaci\u00f3n. Este evento, realizado en el mes de julio, se convirti\u00f3 en una jornada memorable para honrar a quienes han dedicado su vida laboral al desarrollo de nuestro pa\u00eds.<\/span><\/p>\n<p>&nbsp;<\/p>\n<p style=\"text-align: justify;\"><span style=\"font-family: helvetica, arial, sans-serif; font-size: 14pt;\">La celebraci\u00f3n incluy\u00f3 una variedad de actividades recreativas que fomentaron la interacci\u00f3n y el esparcimiento entre los asistentes. M\u00fasica en vivo, juegos de mesa y un delicioso almuerzo fueron solo algunas de las sorpresas que se prepararon para hacer de este d\u00eda una experiencia \u00fanica. Los jubilados no solo tuvieron la oportunidad de relajarse y divertirse, sino que tambi\u00e9n pudieron reconectar con antiguos compa\u00f1eros, compartir an\u00e9cdotas y vivencias que marcaron sus trayectorias profesionales.<\/span><\/p>\n<p>&nbsp;<\/p>\n<p style=\"text-align: justify;\"><span style=\"font-family: helvetica, arial, sans-serif; font-size: 14pt;\">\u00abEs un d\u00eda especial para nosotros, un momento para recordar lo que hemos logrado juntos y celebrar nuestro merecido descanso\u00bb, coment\u00f3 uno de los jubilados presentes, quien expres\u00f3 su gratitud por el reconocimiento a su labor.<\/span><\/p>\n<p>&nbsp;<\/p>\n<p style=\"text-align: justify;\"><span style=\"font-family: helvetica, arial, sans-serif; font-size: 14pt;\">Este emotivo evento fue posible gracias a las pol\u00edticas implementadas por el presidente Nicol\u00e1s Maduro, que buscan dignificar a los trabajadores y jubilados del pa\u00eds. Adem\u00e1s, la gobernaci\u00f3n del estado T\u00e1chira, junto con la direcci\u00f3n del presidente general del Inces, Wuikelman Angel Paredes, jugaron un papel fundamental en la organizaci\u00f3n de esta actividad, reafirmando su compromiso con el bienestar de quienes han servido a la naci\u00f3n.<\/span><\/p>\n<p>&nbsp;<\/p>\n<p style=\"text-align: justify;\"><span style=\"font-family: helvetica, arial, sans-serif; font-size: 14pt;\">La jornada no solo fue un homenaje a la trayectoria laboral de estos hombres y mujeres, sino tambi\u00e9n una celebraci\u00f3n de su legado y el impacto positivo que han tenido en la sociedad. Sin duda, un merecido reconocimiento para quienes han dedicado su esfuerzo y pasi\u00f3n al servicio de la comunidad.<\/span><\/p>\n","protected":false},"excerpt":{"rendered":"<p>**Jubilados del Inces T\u00e1chira celebraron su dedicaci\u00f3n con un emotivo evento, reconociendo su legado y sus a\u00f1os de servicio<\/p>\n","protected":false},"author":4,"featured_media":59573,"comment_status":"closed","ping_status":"closed","sticky":false,"template":"","format":"standard","meta":{"footnotes":""},"categories":[2],"tags":[],"class_list":["post-59572","post","type-post","status-publish","format-standard","has-post-thumbnail","hentry","category-blog"],"_links":{"self":[{"href":"https:\/\/inces.gob.ve\/index.php\/wp-json\/wp\/v2\/posts\/59572","targetHints":{"allow":["GET"]}}],"collection":[{"href":"https:\/\/inces.gob.ve\/index.php\/wp-json\/wp\/v2\/posts"}],"about":[{"href":"https:\/\/inces.gob.ve\/index.php\/wp-json\/wp\/v2\/types\/post"}],"author":[{"embeddable":true,"href":"https:\/\/inces.gob.ve\/index.php\/wp-json\/wp\/v2\/users\/4"}],"replies":[{"embeddable":true,"href":"https:\/\/inces.gob.ve\/index.php\/wp-json\/wp\/v2\/comments?post=59572"}],"version-history":[{"count":1,"href":"https:\/\/inces.gob.ve\/index.php\/wp-json\/wp\/v2\/posts\/59572\/revisions"}],"predecessor-version":[{"id":59574,"href":"https:\/\/inces.gob.ve\/index.php\/wp-json\/wp\/v2\/posts\/59572\/revisions\/59574"}],"wp:featuredmedia":[{"embeddable":true,"href":"https:\/\/inces.gob.ve\/index.php\/wp-json\/wp\/v2\/media\/59573"}],"wp:attachment":[{"href":"https:\/\/inces.gob.ve\/index.php\/wp-json\/wp\/v2\/media?parent=59572"}],"wp:term":[{"taxonomy":"category","embeddable":true,"href":"https:\/\/inces.gob.ve\/index.php\/wp-json\/wp\/v2\/categories?post=59572"},{"taxonomy":"post_tag","embeddable":true,"href":"https:\/\/inces.gob.ve\/index.php\/wp-json\/wp\/v2\/tags?post=59572"}],"curies":[{"name":"wp","href":"https:\/\/api.w.org\/{rel}","templated":true}]}}