{"id":59575,"date":"2024-08-26T15:23:58","date_gmt":"2024-08-26T19:23:58","guid":{"rendered":"https:\/\/inces.gob.ve\/?p=59575"},"modified":"2024-08-26T15:23:58","modified_gmt":"2024-08-26T19:23:58","slug":"trujillo-inces-realizo-el-plan-vacacional-comunitario-el-arte-de-hacer-2024","status":"publish","type":"post","link":"https:\/\/inces.gob.ve\/index.php\/2024\/08\/26\/trujillo-inces-realizo-el-plan-vacacional-comunitario-el-arte-de-hacer-2024\/","title":{"rendered":"TRUJILLO | Inces realiz\u00f3 el plan vacacional comunitario El Arte de Hacer 2024"},"content":{"rendered":"<p style=\"font-weight: 400; text-align: justify;\"><em><span style=\"font-family: helvetica, arial, sans-serif; font-size: 14pt;\"><strong>\u00a0** E<\/strong><strong>l Instituto Nacional de Capacitaci\u00f3n y Educaci\u00f3n Socialista (Inces) trabaj\u00f3<\/strong> en articulaci\u00f3n con la gobernaci\u00f3n del estado Trujillo<\/span><\/em><!--more--><\/p>\n<p>&nbsp;<\/p>\n<p style=\"font-weight: 400; text-align: justify;\">\n<p style=\"font-weight: 400; text-align: justify;\"><span style=\"font-family: helvetica, arial, sans-serif; font-size: 14pt;\"><strong>Prensa<\/strong><\/span><\/p>\n<p style=\"font-weight: 400; text-align: justify;\"><span style=\"font-family: helvetica, arial, sans-serif; font-size: 14pt;\"><strong>Inces regi\u00f3n Trujillo<\/strong><\/span><\/p>\n<p style=\"font-weight: 400; text-align: justify;\"><span style=\"font-family: helvetica, arial, sans-serif; font-size: 14pt;\">Este emocionante programa dio inicio <strong>en el centro de formaci\u00f3n socialista (CFS) Al\u00ed Primera,\u00a0<\/strong>ubicado en la urbanizaci\u00f3n Mirabel Plata 1, y en el CFS\u00a0 Samuel Robinson en el municipio Bocono, d\u00e1ndole la bienvenida a ni\u00f1os y ni\u00f1as de edades comprendidas entre los 7 y los 12 a\u00f1os, que con gran emoci\u00f3n iniciaron sus actividades pedag\u00f3gicas y formativas en los distintas oficios que se ofertan en nuestra instituci\u00f3n.<\/span><\/p>\n<p style=\"font-weight: 400; text-align: justify;\">\n<p>&nbsp;<\/p>\n<p style=\"font-weight: 400; text-align: justify;\"><span style=\"font-family: helvetica, arial, sans-serif; font-size: 14pt;\">Durante una semana, <strong>350 infantes de diferentes comunidades trujillanas<\/strong> tuvieron la oportunidad de participar en opciones formativas productivas, entre ellas mini chef, mini repostero\/pastelero, mini panadero(a), mini manicurista, mini esteticista, mini estilista, mini barbero, mini costurer@, mini cient\u00edfico y mini bailar\u00edn, un espacio para adquirir habilidades, destrezas, t\u00e9cnicas y conocimientos fundamentales que les enriqueci\u00f3 su crecimiento.<\/span><\/p>\n<p style=\"font-weight: 400; text-align: justify;\">\n<p>&nbsp;<\/p>\n<p style=\"font-weight: 400; text-align: justify;\"><span style=\"font-family: helvetica, arial, sans-serif; font-size: 14pt;\">El gerente regional del Inces Trujillo Alexis Brice\u00f1o, estuvo presente en la gran inauguraci\u00f3n, compartiendo palabras de aliento que muestran como el Inces y la gobernaci\u00f3n del estado hacen posible que por tercer a\u00f1o consecutivo se celebre el plan vacacional \u201cEl Arte de Hacer 2024\u201d que por su parte cumple con las pol\u00edticas sociales de atenci\u00f3n a menores satisfaciendo y desarrollando actividades en pro de la ni\u00f1ez trujillana, tambi\u00e9n as\u00ed expreso el\u00a0 agradecimiento y la colaboraci\u00f3n de todo nuestro personal de esta gran instituci\u00f3n, maestros t\u00e9cnicos productivos y voluntarios como el personal obrero y administrativo, jefes de Divisi\u00f3n y coordinadores.\u00a0 Tambi\u00e9n agradecer el apoyo institucional\u00a0 del Cuerpo de Bomberos, el Instituto de Deportes del Estado Trujillo (INDET), la Polic\u00eda del Estado como tambi\u00e9n a Protecci\u00f3n Civil por el apoyo en seguridad y atenci\u00f3n m\u00e9dica para nuestros ni\u00f1os, pero en especial a los padres y representantes por la confianza con todos nuestros programas formativos para nuestros ni\u00f1os y ni\u00f1as.<\/span><\/p>\n<p style=\"font-weight: 400; text-align: justify;\">\n<p>&nbsp;<\/p>\n<p style=\"font-weight: 400; text-align: justify;\"><span style=\"font-family: helvetica, arial, sans-serif; font-size: 14pt;\">La gesti\u00f3n del presidente Wuikelman Angel y la colaboraci\u00f3n interinstitucional con la gobernaci\u00f3n del estado Trujillo liderado por el gobernador Gerardo M\u00e1rquez y la primera combatiente la Reyna P\u00e9rez de M\u00e1rquez, garantizaron la experiencia de los ni\u00f1os y ni\u00f1as de la comunidad trujillana.<\/span><\/p>\n","protected":false},"excerpt":{"rendered":"<p>\u00a0** El Instituto Nacional de Capacitaci\u00f3n y Educaci\u00f3n Socialista (Inces) trabaj\u00f3 en articulaci\u00f3n con la gobernaci\u00f3n del estado Trujillo<\/p>\n","protected":false},"author":4,"featured_media":43173,"comment_status":"closed","ping_status":"closed","sticky":false,"template":"","format":"standard","meta":{"footnotes":""},"categories":[2],"tags":[],"class_list":["post-59575","post","type-post","status-publish","format-standard","has-post-thumbnail","hentry","category-blog"],"_links":{"self":[{"href":"https:\/\/inces.gob.ve\/index.php\/wp-json\/wp\/v2\/posts\/59575","targetHints":{"allow":["GET"]}}],"collection":[{"href":"https:\/\/inces.gob.ve\/index.php\/wp-json\/wp\/v2\/posts"}],"about":[{"href":"https:\/\/inces.gob.ve\/index.php\/wp-json\/wp\/v2\/types\/post"}],"author":[{"embeddable":true,"href":"https:\/\/inces.gob.ve\/index.php\/wp-json\/wp\/v2\/users\/4"}],"replies":[{"embeddable":true,"href":"https:\/\/inces.gob.ve\/index.php\/wp-json\/wp\/v2\/comments?post=59575"}],"version-history":[{"count":1,"href":"https:\/\/inces.gob.ve\/index.php\/wp-json\/wp\/v2\/posts\/59575\/revisions"}],"predecessor-version":[{"id":59576,"href":"https:\/\/inces.gob.ve\/index.php\/wp-json\/wp\/v2\/posts\/59575\/revisions\/59576"}],"wp:featuredmedia":[{"embeddable":true,"href":"https:\/\/inces.gob.ve\/index.php\/wp-json\/wp\/v2\/media\/43173"}],"wp:attachment":[{"href":"https:\/\/inces.gob.ve\/index.php\/wp-json\/wp\/v2\/media?parent=59575"}],"wp:term":[{"taxonomy":"category","embeddable":true,"href":"https:\/\/inces.gob.ve\/index.php\/wp-json\/wp\/v2\/categories?post=59575"},{"taxonomy":"post_tag","embeddable":true,"href":"https:\/\/inces.gob.ve\/index.php\/wp-json\/wp\/v2\/tags?post=59575"}],"curies":[{"name":"wp","href":"https:\/\/api.w.org\/{rel}","templated":true}]}}