{"id":59589,"date":"2024-08-26T17:37:55","date_gmt":"2024-08-26T21:37:55","guid":{"rendered":"https:\/\/inces.gob.ve\/?p=59589"},"modified":"2024-08-26T17:37:55","modified_gmt":"2024-08-26T21:37:55","slug":"trujillo-se-realizo-una-exitosa-jornada-medica-y-de-belleza-en-el-inces","status":"publish","type":"post","link":"https:\/\/inces.gob.ve\/index.php\/2024\/08\/26\/trujillo-se-realizo-una-exitosa-jornada-medica-y-de-belleza-en-el-inces\/","title":{"rendered":"TRUJILLO | Se realiz\u00f3 una exitosa Jornada M\u00e9dica y de Belleza en el Inces"},"content":{"rendered":"<p style=\"font-weight: 400; text-align: justify;\"><span style=\"font-family: helvetica, arial, sans-serif; font-size: 14pt;\"><em><strong>** El Instituto Nacional de Capacitaci\u00f3n y Educaci\u00f3n Socialista (Inces) de la Regi\u00f3n Trujillo, en el marco del 65 aniversario, llev\u00f3 a cabo con gran \u00e9xito una jornada m\u00e9dica y de belleza<\/strong><\/em><!--more--><\/span><\/p>\n<p style=\"text-align: justify;\">\n<p style=\"font-weight: 400; text-align: justify;\"><span style=\"font-family: helvetica, arial, sans-serif; font-size: 14pt;\"><strong>Prensa<\/strong><\/span><\/p>\n<p style=\"font-weight: 400; text-align: justify;\"><span style=\"font-family: helvetica, arial, sans-serif; font-size: 14pt;\"><strong>Inces regi\u00f3n Trujillo<\/strong><\/span><\/p>\n<p style=\"font-weight: 400; text-align: justify;\"><span style=\"font-family: helvetica, arial, sans-serif; font-size: 14pt;\">Durante esta exitosa jornada en el centro de formaci\u00f3n socialista (CFS) Al\u00ed Primera, en el marco del 65 aniversario, se brind\u00f3 atenci\u00f3n a m\u00e1s de 100 trabajadores del Inces en la regi\u00f3n Trujillo, con diversas especialidades como medicina general, familiar, cardiolog\u00eda y urolog\u00eda; tambi\u00e9n se realizaron ex\u00e1menes de pr\u00f3stata para los trabajadores a partir de los 45 a\u00f1os, asegurando un cuidado integral y preventivo de su salud. <\/span><\/p>\n<p style=\"font-weight: 400; text-align: justify;\"><span style=\"font-family: helvetica, arial, sans-serif; font-size: 14pt;\">.<\/span><\/p>\n<p style=\"font-weight: 400; text-align: justify;\"><span style=\"font-family: helvetica, arial, sans-serif; font-size: 14pt;\">Por otro lado Farmapatria, ofreci\u00f3 medicamentos a bajo costo,\u00a0 iniciativa fue muy bien recibida por quienes pudieron adquirir las medicinas necesarias para el cuidado de su salud.<\/span><\/p>\n<p>&nbsp;<\/p>\n<p style=\"font-weight: 400; text-align: justify;\"><span style=\"font-family: helvetica, arial, sans-serif; font-size: 14pt;\">Paralelamente a esto, se desarroll\u00f3 una jornada de belleza en la que los trabajadores tuvieron la oportunidad de recibir tratamientos est\u00e9ticos, corte de cabello, barber\u00eda, peluquer\u00eda, manicura y pedicura; tanto maestros como participantes formados en esas especialidades desempe\u00f1aron un papel fundamental en la ejecuci\u00f3n de estas actividades, todo ello permiti\u00f3 brindar la experiencia y conocimientos para garantizar el \u00e9xito de la jornada.<\/span><\/p>\n<p>&nbsp;<\/p>\n<p style=\"font-weight: 400; text-align: justify;\"><span style=\"font-family: helvetica, arial, sans-serif; font-size: 14pt;\">Solimar Morillo, trabajadora del Inces, comparti\u00f3 su experiencia: \u201cLa jornada fue una oportunidad maravillosa donde recib\u00ed una atenci\u00f3n con excelencia, mis u\u00f1as me encantaron, mi cabello qued\u00f3 hermoso y tambi\u00e9n tuve una gran oportunidad de adquirir medicamentos a un costo accesible. En este aniversario, deseo lo mejor para el Inces y que contin\u00faen con estas actividades que tanto nos benefician\u201d.<\/span><\/p>\n<p>&nbsp;<\/p>\n<p style=\"font-weight: 400; text-align: justify;\"><span style=\"font-family: helvetica, arial, sans-serif; font-size: 14pt;\">El gerente regional del Inces de la regi\u00f3n Trujillo Alexis Brice\u00f1o destac\u00f3 la importancia de esta jornada para los trabajadores de esta instituci\u00f3n, subrayando que estas actividades no solo mejoran la calidad de vida de nuestros empleados, sino que tambi\u00e9n fortalecen el sentido de comunidad y solidaridad dentro de nuestra organizaci\u00f3n.<\/span><\/p>\n<p>&nbsp;<\/p>\n<p style=\"font-weight: 400; text-align: justify;\"><span style=\"font-family: helvetica, arial, sans-serif; font-size: 14pt;\">La jornada concluy\u00f3 con un ambiente de satisfacci\u00f3n y agradecimiento por parte de los trabajadores, quienes expresaron su gratitud tanto a Farmapatria como a los maestros y participantes por su dedicaci\u00f3n y compromiso. Para m\u00e1s informaci\u00f3n sobre futuras jornadas y actividades en el marco del 65 aniversario del Inces en la regi\u00f3n Trujillo, les invitamos a visitar nuestras redes sociales o acercarse a nuestros centros de formaci\u00f3n socialista en el municipio Valera.\u00a0<\/span><\/p>\n<p style=\"font-weight: 400; text-align: justify;\">\n","protected":false},"excerpt":{"rendered":"<p>** El Instituto Nacional de Capacitaci\u00f3n y Educaci\u00f3n Socialista (Inces) de la Regi\u00f3n Trujillo, en el marco del 65 aniversario, llev\u00f3 a cabo con gran \u00e9xito una jornada m\u00e9dica y de belleza<\/p>\n","protected":false},"author":4,"featured_media":59593,"comment_status":"closed","ping_status":"closed","sticky":false,"template":"","format":"standard","meta":{"footnotes":""},"categories":[2],"tags":[],"class_list":["post-59589","post","type-post","status-publish","format-standard","has-post-thumbnail","hentry","category-blog"],"_links":{"self":[{"href":"https:\/\/inces.gob.ve\/index.php\/wp-json\/wp\/v2\/posts\/59589","targetHints":{"allow":["GET"]}}],"collection":[{"href":"https:\/\/inces.gob.ve\/index.php\/wp-json\/wp\/v2\/posts"}],"about":[{"href":"https:\/\/inces.gob.ve\/index.php\/wp-json\/wp\/v2\/types\/post"}],"author":[{"embeddable":true,"href":"https:\/\/inces.gob.ve\/index.php\/wp-json\/wp\/v2\/users\/4"}],"replies":[{"embeddable":true,"href":"https:\/\/inces.gob.ve\/index.php\/wp-json\/wp\/v2\/comments?post=59589"}],"version-history":[{"count":2,"href":"https:\/\/inces.gob.ve\/index.php\/wp-json\/wp\/v2\/posts\/59589\/revisions"}],"predecessor-version":[{"id":59594,"href":"https:\/\/inces.gob.ve\/index.php\/wp-json\/wp\/v2\/posts\/59589\/revisions\/59594"}],"wp:featuredmedia":[{"embeddable":true,"href":"https:\/\/inces.gob.ve\/index.php\/wp-json\/wp\/v2\/media\/59593"}],"wp:attachment":[{"href":"https:\/\/inces.gob.ve\/index.php\/wp-json\/wp\/v2\/media?parent=59589"}],"wp:term":[{"taxonomy":"category","embeddable":true,"href":"https:\/\/inces.gob.ve\/index.php\/wp-json\/wp\/v2\/categories?post=59589"},{"taxonomy":"post_tag","embeddable":true,"href":"https:\/\/inces.gob.ve\/index.php\/wp-json\/wp\/v2\/tags?post=59589"}],"curies":[{"name":"wp","href":"https:\/\/api.w.org\/{rel}","templated":true}]}}