{"id":59639,"date":"2024-08-28T09:01:29","date_gmt":"2024-08-28T13:01:29","guid":{"rendered":"https:\/\/inces.gob.ve\/?p=59639"},"modified":"2024-08-28T09:01:29","modified_gmt":"2024-08-28T13:01:29","slug":"barinas-inces-celebra-su-65-aniversario-con-exitosa-expoferia-productiva-en-la-plaza-el-estudiante","status":"publish","type":"post","link":"https:\/\/inces.gob.ve\/index.php\/2024\/08\/28\/barinas-inces-celebra-su-65-aniversario-con-exitosa-expoferia-productiva-en-la-plaza-el-estudiante\/","title":{"rendered":"BARINAS | Inces celebra su 65 aniversario con exitosa Expoferia productiva en la plaza El Estudiante\u00a0"},"content":{"rendered":"<div>\n<p lang=\"ES-ES\"><span style=\"font-family: helvetica, arial, sans-serif; font-size: 14pt;\"><span lang=\"ES-ES\">** Se exhibieron productos y servicios de diversas formaciones que destacaron el talento y el trabajo de los participantes<\/span>\u00a0<\/span><\/p>\n<\/div>\n<p><span style=\"font-family: helvetica, arial, sans-serif; font-size: 14pt;\"><!--more--><\/span><\/p>\n<div>\n<p lang=\"ES-ES\">\n<p lang=\"ES-ES\"><strong><span lang=\"ES-ES\" style=\"font-family: helvetica, arial, sans-serif; font-size: 14pt;\">HIRASYANEL BAYONA<\/span><\/strong><\/p>\n<p lang=\"ES-ES\"><span style=\"font-family: helvetica, arial, sans-serif; font-size: 14pt;\"><span lang=\"ES-ES\">Como parte de la celebraci\u00f3n de su 65 aniversario, el Instituto Nacional de Capacitaci\u00f3n y Educaci\u00f3n Socialista (Inces) en Barinas, realiz\u00f3 una destacada Expoferia productiva en los espacios de la plaza El Estudiante. El evento cont\u00f3 con la participaci\u00f3n de participantes de diferentes \u00e1reas de formaci\u00f3n, quienes presentaron sus productos y habilidades adquiridas durante su tiempo en el Inces.<\/span>\u00a0<\/span><\/p>\n<p lang=\"ES-ES\">\n<\/div>\n<div>\n<p lang=\"ES-ES\"><span style=\"font-family: helvetica, arial, sans-serif; font-size: 14pt;\"><span lang=\"ES-ES\">Entre las exhibiciones m\u00e1s destacadas se encontraban las producciones de Pasteler\u00eda y Reposter\u00eda, donde los asistentes pudieron degustar una variedad de dulces y postres elaborados por los participantes. Tambi\u00e9n se present\u00f3 una muestra de Confecci\u00f3n de Ropa Deportiva, que incluy\u00f3 prendas confeccionadas con t\u00e9cnicas modernas y materiales de alta calidad.<\/span>\u00a0<\/span><\/p>\n<\/div>\n<div>\n<p lang=\"ES-ES\">\n<p lang=\"ES-ES\"><span style=\"font-family: helvetica, arial, sans-serif; font-size: 14pt;\"><span lang=\"ES-ES\">La formaci\u00f3n en Gesti\u00f3n de Eventos fue otro de los grandes protagonistas, con una hermosa decoraci\u00f3n con globos y un\u00a0despliegue que incluy\u00f3 Montaje y\u00a0decoraci\u00f3n de Buffet, donde se exhibi\u00f3 la capacidad organizativa y\u00a0sobre todo\u00a0creativa de los\u00a0participantes. En el \u00e1rea t\u00e9cnica, los asistentes pudieron observar demostraciones de Mec\u00e1nica de M\u00e1quinas de Coser, un\u00a0conocimiento\u00a0esencial para el mantenimiento y reparaci\u00f3n de equipos en la industria textil.\u00a0El evento tambi\u00e9n incluy\u00f3 una muestra de Cultivo de\u00a0hortalizas en\u00a0huerto, que resalt\u00f3 el compromiso del\u00a0Inces\u00a0con la sostenibilidad y la producci\u00f3n agr\u00edcola, as\u00ed como tambi\u00e9n de\u00a0Elaboraci\u00f3n de\u00a0pan,\u00a0conjuntamente con\u00a0Peluquer\u00eda y\u00a0barber\u00eda, Peinados, mo\u00f1os y Trenzados y Dise\u00f1o de cejas, cuyos participantes\u00a0ofrecieron servicio\u00a0en vivo\u00a0a la colectividad barinesa\u00a0que reflejaron su talento y profesionalismo.<\/span>\u00a0<\/span><\/p>\n<p lang=\"ES-ES\">\n<\/div>\n<div>\n<p lang=\"ES-ES\"><span style=\"font-family: helvetica, arial, sans-serif; font-size: 14pt;\"><span lang=\"ES-ES\">La\u00a0Expoferia\u00a0Productiva no solo fue un espacio para la exposici\u00f3n de productos, sino tambi\u00e9n un escenario donde los estudiantes pudieron mostrar su desarrollo personal y profesional. El evento fue un \u00e9xito rotundo, atrayendo a numerosos visitantes que pudieron apreciar el impacto positivo de la formaci\u00f3n ofrecida por el Inces en la vida de los participantes.<\/span>\u00a0<\/span><\/p>\n<p lang=\"ES-ES\">\n<\/div>\n<div>\n<p lang=\"ES-ES\"><span style=\"font-family: helvetica, arial, sans-serif; font-size: 14pt;\"><span lang=\"ES-ES\">Con esta actividad, el\u00a0Inces\u00a0reafirma su compromiso con la educaci\u00f3n y la capacitaci\u00f3n como motores de desarrollo y transformaci\u00f3n social, celebrando seis d\u00e9cadas y media de servicio a la comunidad.<\/span>\u00a0<\/span><\/p>\n<\/div>\n","protected":false},"excerpt":{"rendered":"<p>** Se exhibieron productos y servicios de diversas formaciones que destacaron el talento y el trabajo de los participantes\u00a0<\/p>\n","protected":false},"author":4,"featured_media":59640,"comment_status":"closed","ping_status":"closed","sticky":false,"template":"","format":"standard","meta":{"footnotes":""},"categories":[2],"tags":[],"class_list":["post-59639","post","type-post","status-publish","format-standard","has-post-thumbnail","hentry","category-blog"],"_links":{"self":[{"href":"https:\/\/inces.gob.ve\/index.php\/wp-json\/wp\/v2\/posts\/59639","targetHints":{"allow":["GET"]}}],"collection":[{"href":"https:\/\/inces.gob.ve\/index.php\/wp-json\/wp\/v2\/posts"}],"about":[{"href":"https:\/\/inces.gob.ve\/index.php\/wp-json\/wp\/v2\/types\/post"}],"author":[{"embeddable":true,"href":"https:\/\/inces.gob.ve\/index.php\/wp-json\/wp\/v2\/users\/4"}],"replies":[{"embeddable":true,"href":"https:\/\/inces.gob.ve\/index.php\/wp-json\/wp\/v2\/comments?post=59639"}],"version-history":[{"count":1,"href":"https:\/\/inces.gob.ve\/index.php\/wp-json\/wp\/v2\/posts\/59639\/revisions"}],"predecessor-version":[{"id":59641,"href":"https:\/\/inces.gob.ve\/index.php\/wp-json\/wp\/v2\/posts\/59639\/revisions\/59641"}],"wp:featuredmedia":[{"embeddable":true,"href":"https:\/\/inces.gob.ve\/index.php\/wp-json\/wp\/v2\/media\/59640"}],"wp:attachment":[{"href":"https:\/\/inces.gob.ve\/index.php\/wp-json\/wp\/v2\/media?parent=59639"}],"wp:term":[{"taxonomy":"category","embeddable":true,"href":"https:\/\/inces.gob.ve\/index.php\/wp-json\/wp\/v2\/categories?post=59639"},{"taxonomy":"post_tag","embeddable":true,"href":"https:\/\/inces.gob.ve\/index.php\/wp-json\/wp\/v2\/tags?post=59639"}],"curies":[{"name":"wp","href":"https:\/\/api.w.org\/{rel}","templated":true}]}}