{"id":59642,"date":"2024-08-28T09:04:02","date_gmt":"2024-08-28T13:04:02","guid":{"rendered":"https:\/\/inces.gob.ve\/?p=59642"},"modified":"2024-08-28T09:04:02","modified_gmt":"2024-08-28T13:04:02","slug":"merida-53-nuevos-bachilleres-apuestan-por-el-futuro-emprendiendo","status":"publish","type":"post","link":"https:\/\/inces.gob.ve\/index.php\/2024\/08\/28\/merida-53-nuevos-bachilleres-apuestan-por-el-futuro-emprendiendo\/","title":{"rendered":"M\u00c9RIDA | 53 nuevos bachilleres apuestan por el futuro emprendiendo"},"content":{"rendered":"<p style=\"font-weight: 400; text-align: justify;\"><span style=\"font-family: helvetica, arial, sans-serif; font-size: 14pt;\"><strong>\u00a0*<\/strong><strong>*\u00a0<\/strong><em>Durante el acto, los graduando tambi\u00e9n recibieron de manos de las autoridades, el certificado como Emprendedor que otorga el Inces en diferentes motores productivos<\/em><\/span><\/p>\n<p><!--more--><\/p>\n<p style=\"font-weight: 400; text-align: justify;\"><span style=\"font-family: helvetica, arial, sans-serif; font-size: 14pt;\"><em>\u00a0<\/em><\/span><\/p>\n<p style=\"font-weight: 400; text-align: justify;\"><span style=\"font-family: helvetica, arial, sans-serif; font-size: 14pt;\"><strong>NADIA LOBO<\/strong><\/span><\/p>\n<p style=\"font-weight: 400; text-align: justify;\"><span style=\"font-family: helvetica, arial, sans-serif; font-size: 14pt;\">Como parte de las actividades programadas para celebrar el 65 aniversario del Inces, se desarroll\u00f3 un emotivo acto en el Centro de Formaci\u00f3n Socialista Eli\u00e9zer Otaiza, d\u00f3nde 53 j\u00f3venes y adultos meride\u00f1os entre 17 y 86 a\u00f1os de edad, dieron un paso fundamental hacia su futuro profesional al obtener el t\u00edtulo de Bachiller Productivo Inces.<\/span><\/p>\n<p>&nbsp;<\/p>\n<p style=\"font-weight: 400; text-align: justify;\"><span style=\"font-family: helvetica, arial, sans-serif; font-size: 14pt;\">Se trata de la VIII Promoci\u00f3n que egresa del Liceo en M\u00e9rida, no solo se destaca por su logro acad\u00e9mico, sino tambi\u00e9n por su compromiso con el emprendimiento, demostrado a trav\u00e9s de los certificados otorgados por esta instituci\u00f3n con Perfiles Productivos Laborales, donde se reconocen los saberes por experiencias.<\/span><\/p>\n<p>&nbsp;<\/p>\n<p style=\"font-weight: 400; text-align: justify;\"><span style=\"font-family: helvetica, arial, sans-serif; font-size: 14pt;\">Durante la ceremonia, los graduados recibieron de manos de las autoridades el reconocimiento que los acredita como emprendedores, una muestra del enfoque pr\u00e1ctico y orientado al trabajo que caracteriza a esta modalidad de bachillerato.<\/span><\/p>\n<p>&nbsp;<\/p>\n<p style=\"font-weight: 400; text-align: justify;\"><span style=\"font-family: helvetica, arial, sans-serif; font-size: 14pt;\">En el pres\u00eddium las siguientes autoridades acompa\u00f1aron el acto acad\u00e9mico: el profesor Nelson Ruiz, jefe del Centro de Desarrollo para la Calidad Educativa en M\u00e9rida; el gerente regional del Inces, Geldrit Roca; Nizza Salas, coordinadora del Programa Bachillerato Productivo en la entidad; la profesora Carmen Sosa, directora del liceo Inces-M\u00e9rida y el profesor Nelson Suarez, coordinador regional de control y evaluaci\u00f3n.<\/span><\/p>\n<p>&nbsp;<\/p>\n<p style=\"font-weight: 400; text-align: justify;\"><span style=\"font-family: helvetica, arial, sans-serif; font-size: 14pt;\">Luego de las palabras de la coordinadora del programa Bachillerato Productivo Inces, Nizza\u00a0 Salas,\u00a0\u00a0correspondi\u00f3 la petici\u00f3n de grado a cargo de la estudiante\u00a0 Danielys Le\u00f3n acompa\u00f1ada por Leonardo Collela y Josue Flores, quienes en representaci\u00f3n de sus compa\u00f1eros graduandos, solicitaron a las autoridades presentes el t\u00edtulo de Bachiller.<\/span><\/p>\n<p>&nbsp;<\/p>\n<p style=\"font-weight: 400; text-align: justify;\"><span style=\"font-family: helvetica, arial, sans-serif; font-size: 14pt;\">Cumpliendo con los requisitos establecidos, las autoridades procedieron a la entrega de t\u00edtulos y certificado, para luego escuchar las palabras de agradecimiento que correspondi\u00f3 a la bachiller Nelly D\u00edaz, quien obtuvo el mejor promedio del pa\u00eds, tras emitir su reconocimiento y gratitud\u00a0 por el acompa\u00f1amiento tanto de profesores del Inces, como de sus familiares, quienes estuvieron presentes en cada uno de los momentos, hasta ver materializado su sue\u00f1o como bachiller de la Rep\u00fablica.<\/span><\/p>\n<p>&nbsp;<\/p>\n<p style=\"font-weight: 400; text-align: justify;\"><span style=\"font-family: helvetica, arial, sans-serif; font-size: 14pt;\">\u201cEste doble reconocimiento refleja el compromiso de la instituci\u00f3n por formar profesionales capaces de generar sus propios empleos y contribuir al crecimiento econ\u00f3mico de la regi\u00f3n\u201d, destac\u00f3 la Bachiller D\u00edaz.<\/span><\/p>\n<p>&nbsp;<\/p>\n<p style=\"font-weight: 400; text-align: justify;\"><span style=\"font-family: helvetica, arial, sans-serif; font-size: 14pt;\">Es importante resaltar que dentro de los 53 graduandos, se destacan cocineras, latoneros, mec\u00e1nicos, panaderos, agricultores, estilistas, dibujantes, cantantes, artesanos y cultores, todos con excelentes fortalezas, destrezas y habilidades para seguir aportando desde su emprendimiento al desarrollo econ\u00f3mico de la regi\u00f3n.<\/span><\/p>\n<p>&nbsp;<\/p>\n<p style=\"font-weight: 400; text-align: justify;\"><span style=\"font-family: helvetica, arial, sans-serif; font-size: 14pt;\">Mar\u00eda Emeregilda Quintero de 86 a\u00f1os, agricultora \u00a0procedente del p\u00e1ramo meride\u00f1o, dijo sentirse muy orgullosa por este logro, que a pesar de su edad, fue una hermosa experiencia. \u00a0\u201cEn el Inces, existe un equipo con mucha voluntad, con motivaci\u00f3n, y\u00a0 hacer todo lo que est\u00e9 a su alcance para que los estudiantes, rompamos los obst\u00e1culos y avancemos con el proceso educativo\u201d, dijo.<\/span><\/p>\n<p>&nbsp;<\/p>\n<p style=\"font-weight: 400; text-align: justify;\"><span style=\"font-family: helvetica, arial, sans-serif; font-size: 14pt;\">Por su parte, el bachiller Yorman Rangel, quien es trabajador de seguridad en el Consejo Legislativo de M\u00e9rida, con conocimiento en bartender y elaboraci\u00f3n de tostones como emprendimiento, manifest\u00f3\u00a0 \u201ces un placer haber cumplido con este sue\u00f1o. Le doy las gracias al Inces que nos abri\u00f3 las puertas y ahora me preparo para seguir los estudios universitarios\u201d.<\/span><\/p>\n<p style=\"font-weight: 400; text-align: justify;\"><span style=\"font-family: helvetica, arial, sans-serif; font-size: 14pt;\"><strong>\u00a0<\/strong><\/span><\/p>\n","protected":false},"excerpt":{"rendered":"<p>\u00a0**\u00a0Durante el acto, los graduando tambi\u00e9n recibieron de manos de las autoridades, el certificado como Emprendedor que otorga el Inces en diferentes motores productivos<\/p>\n","protected":false},"author":4,"featured_media":59643,"comment_status":"closed","ping_status":"closed","sticky":false,"template":"","format":"standard","meta":{"footnotes":""},"categories":[2],"tags":[],"class_list":["post-59642","post","type-post","status-publish","format-standard","has-post-thumbnail","hentry","category-blog"],"_links":{"self":[{"href":"https:\/\/inces.gob.ve\/index.php\/wp-json\/wp\/v2\/posts\/59642","targetHints":{"allow":["GET"]}}],"collection":[{"href":"https:\/\/inces.gob.ve\/index.php\/wp-json\/wp\/v2\/posts"}],"about":[{"href":"https:\/\/inces.gob.ve\/index.php\/wp-json\/wp\/v2\/types\/post"}],"author":[{"embeddable":true,"href":"https:\/\/inces.gob.ve\/index.php\/wp-json\/wp\/v2\/users\/4"}],"replies":[{"embeddable":true,"href":"https:\/\/inces.gob.ve\/index.php\/wp-json\/wp\/v2\/comments?post=59642"}],"version-history":[{"count":1,"href":"https:\/\/inces.gob.ve\/index.php\/wp-json\/wp\/v2\/posts\/59642\/revisions"}],"predecessor-version":[{"id":59644,"href":"https:\/\/inces.gob.ve\/index.php\/wp-json\/wp\/v2\/posts\/59642\/revisions\/59644"}],"wp:featuredmedia":[{"embeddable":true,"href":"https:\/\/inces.gob.ve\/index.php\/wp-json\/wp\/v2\/media\/59643"}],"wp:attachment":[{"href":"https:\/\/inces.gob.ve\/index.php\/wp-json\/wp\/v2\/media?parent=59642"}],"wp:term":[{"taxonomy":"category","embeddable":true,"href":"https:\/\/inces.gob.ve\/index.php\/wp-json\/wp\/v2\/categories?post=59642"},{"taxonomy":"post_tag","embeddable":true,"href":"https:\/\/inces.gob.ve\/index.php\/wp-json\/wp\/v2\/tags?post=59642"}],"curies":[{"name":"wp","href":"https:\/\/api.w.org\/{rel}","templated":true}]}}